{"id":57900,"date":"2023-06-26T14:45:35","date_gmt":"2023-06-26T20:45:35","guid":{"rendered":"https:\/\/copades.com\/monec\/?p=57900"},"modified":"2023-06-27T14:47:37","modified_gmt":"2023-06-27T20:47:37","slug":"el-salvador-decae-el-ritmo-de-crecimiento-de-cotizantes-a-afp","status":"publish","type":"post","link":"https:\/\/copades.com\/monec\/?p=57900","title":{"rendered":"El Salvador: Decae el ritmo de crecimiento de cotizantes a AFP"},"content":{"rendered":"<p style=\"text-align: justify;\">El n\u00famero de cotizantes al fondo de pensiones ha venido experimentando un decaimiento en el ritmo de crecimiento mensual desde febrero de este a\u00f1o, seg\u00fan las estad\u00edsticas m\u00e1s actualizadas de la Superintendencia del Sistema Financiero (SSF). En sus boletines estad\u00edsticos donde mes a mes expone el resumen la situaci\u00f3n del sistema previsional de cuentas individuales, la SSF da cuenta de que la cifra de cotizantes experiment\u00f3 un alza del 1.7 % de enero a febrero, cuando la cantidad pas\u00f3 de 836,289 a 850,516, es decir, 14,227 cotizantes m\u00e1s. De febrero a marzo, sin embargo, el crecimiento solo fue del 1 %, cuando la cantidad pas\u00f3 de 850,516 a 859,189, es decir, 8,673 cotizantes m\u00e1s. De marzo para abril la situaci\u00f3n empeor\u00f3 y en lugar de crecimiento hubo una reducci\u00f3n: de 859,189 cotizantes, la cifra baj\u00f3 a 852,900, es decir, una disminuci\u00f3n de 6,289 personas. \u201cProbablemente, mucha gente ten\u00eda m\u00e1s expectativas de esa reforma (de pensiones) para afiliarse y quiz\u00e1s las expectativas no han sido satisfechas, por lo que no hay muchos incentivos para afiliarse\u201d. Carlos Acevedo, economista. El crecimiento en la cantidad de cotizantes es un tema de importancia, seg\u00fan expertos en econom\u00eda, sobre todo despu\u00e9s de una reforma al sistema de pensiones que el Gobierno ha calificado de \u00abintegral\u00bb, seg\u00fan bautiz\u00f3 la nueva ley en materia previsional. No hay datos a mayo, por lo que la reducci\u00f3n de abril es la m\u00e1s significativa en lo que va de este a\u00f1o; no obstante, las alarmas comenzaron a sonar en enero, cuando la cantidad de cotizantes cay\u00f3 desde 840,856 en diciembre de 2022 a 836,289 en enero de 2023, lo que significa una reducci\u00f3n de 4,657 cotizantes, seg\u00fan un monitoreo de LPG Datos, la unidad de investigaci\u00f3n social de LA PRENSA GR\u00c1FICA, con base en los boletines estad\u00edsticos publicados por la SSF. A juicio del economista Carlos Acevedo, expresidente del Banco Central de Reserva (BCR), una de las razones que estar\u00eda detr\u00e1s de esa disminuci\u00f3n a enero podr\u00eda ser precisamente la reforma al sistema de pensiones, que fue aprobada en diciembre pasado: \u00abMi hip\u00f3tesis ser\u00eda que tiene que ver con el cambio a la ley de pensiones. Probablemente, mucha gente ten\u00eda m\u00e1s expectativas de esa reforma para afiliarse y quiz\u00e1s las expectativas no han sido satisfechas, por lo que no hay muchos incentivos para afiliarse, pero habr\u00eda que verlo (el fen\u00f3meno) m\u00e1s en detalle\u00bb, valor\u00f3. Por otra parte, el economista Otto Rodr\u00edguez opin\u00f3 que la ca\u00edda de los cotizantes \u00abimplica menos recursos frescos para el sistema de pensiones\u00bb, lo que terminar\u00eda derivando en un aumento en la necesidad de m\u00e1s financiamiento para sacar adelante el pago de pensiones; en otras palabras, \u00abhabr\u00e1 m\u00e1s presi\u00f3n de emisi\u00f3n de deuda por parte del Gobierno\u00bb, agreg\u00f3. \u00a0(eleconomista.net 26.06.23)<\/p>\n","protected":false},"excerpt":{"rendered":"<p>El n\u00famero de cotizantes al fondo de pensiones ha venido experimentando un decaimiento en el ritmo de crecimiento mensual desde febrero de este a\u00f1o, seg\u00fan las estad\u00edsticas m\u00e1s actualizadas de la Superintendencia del Sistema&#46;&#46;&#46;<\/p>\n","protected":false},"author":1,"featured_media":48094,"comment_status":"open","ping_status":"closed","sticky":false,"template":"","format":"standard","meta":{"footnotes":""},"categories":[54],"tags":[117,8210],"class_list":["post-57900","post","type-post","status-publish","format-standard","has-post-thumbnail","hentry","category-centroamerica-seleccion","tag-el-salvador","tag-ssf"],"_links":{"self":[{"href":"https:\/\/copades.com\/monec\/index.php?rest_route=\/wp\/v2\/posts\/57900","targetHints":{"allow":["GET"]}}],"collection":[{"href":"https:\/\/copades.com\/monec\/index.php?rest_route=\/wp\/v2\/posts"}],"about":[{"href":"https:\/\/copades.com\/monec\/index.php?rest_route=\/wp\/v2\/types\/post"}],"author":[{"embeddable":true,"href":"https:\/\/copades.com\/monec\/index.php?rest_route=\/wp\/v2\/users\/1"}],"replies":[{"embeddable":true,"href":"https:\/\/copades.com\/monec\/index.php?rest_route=%2Fwp%2Fv2%2Fcomments&post=57900"}],"version-history":[{"count":1,"href":"https:\/\/copades.com\/monec\/index.php?rest_route=\/wp\/v2\/posts\/57900\/revisions"}],"predecessor-version":[{"id":57901,"href":"https:\/\/copades.com\/monec\/index.php?rest_route=\/wp\/v2\/posts\/57900\/revisions\/57901"}],"wp:featuredmedia":[{"embeddable":true,"href":"https:\/\/copades.com\/monec\/index.php?rest_route=\/wp\/v2\/media\/48094"}],"wp:attachment":[{"href":"https:\/\/copades.com\/monec\/index.php?rest_route=%2Fwp%2Fv2%2Fmedia&parent=57900"}],"wp:term":[{"taxonomy":"category","embeddable":true,"href":"https:\/\/copades.com\/monec\/index.php?rest_route=%2Fwp%2Fv2%2Fcategories&post=57900"},{"taxonomy":"post_tag","embeddable":true,"href":"https:\/\/copades.com\/monec\/index.php?rest_route=%2Fwp%2Fv2%2Ftags&post=57900"}],"curies":[{"name":"wp","href":"https:\/\/api.w.org\/{rel}","templated":true}]}}