{"id":57956,"date":"2023-06-29T17:47:46","date_gmt":"2023-06-29T23:47:46","guid":{"rendered":"https:\/\/copades.com\/monec\/?p=57956"},"modified":"2023-06-30T17:49:12","modified_gmt":"2023-06-30T23:49:12","slug":"economia-salvadorena-estancada-pib-de-primer-trimestre-solo-crecio-un-0-81","status":"publish","type":"post","link":"https:\/\/copades.com\/monec\/?p=57956","title":{"rendered":"Econom\u00eda salvadore\u00f1a estancada: PIB de primer trimestre solo creci\u00f3 un 0.81 %"},"content":{"rendered":"<p style=\"text-align: justify;\">La econom\u00eda salvadore\u00f1a se mantiene estancada, seg\u00fan muestran los datos del Banco Central de Reserva (BCR) que detallan que el Producto Interno Bruto (PIB) del primer trimestre del a\u00f1o, solo creci\u00f3 0.81%. Esta tasa de crecimiento trimestral es la m\u00e1s baja desde el primer trimestre de 2018, a excepci\u00f3n de las registradas en 2020, en plena pandemia que fueron negativas. Es decir que, cada trimestre, la econom\u00eda ven\u00eda creciendo a tasas entre el 2% y el 5% en promedio, pero este a\u00f1o no lleg\u00f3 ni al 1%. Y, aunque este dato a\u00fan no define cu\u00e1nto ser\u00e1 el crecimiento del PIB al final del a\u00f1o, s\u00ed \u00abda una perspectiva de c\u00f3mo est\u00e1 la din\u00e1mica econ\u00f3mica\u00bb, explica la economista Tatiana Marroqu\u00edn. Para el economista y expresidente del BCR, Carlos Acevedo, la econom\u00eda salvadore\u00f1a \u00abno levanta cabeza, (pero) con los m\u00e1rgenes de error estad\u00edstico que tenemos no creo que un dato as\u00ed haga una gran diferencia. Igual seguimos en la cola de la regi\u00f3n en materia de crecimiento\u00bb. Las proyecciones del Banco Mundial se\u00f1alan que El Salvador crecer\u00eda este a\u00f1o un 2.3 %, la tasa m\u00e1s baja de Centroam\u00e9rica; mientras que la proyecci\u00f3n del Gobierno es que llegue a un 2.8%. Marroqu\u00edn detalla que una de las principales variables que definen el crecimiento econ\u00f3mico en El Salvador en t\u00e9rminos del PIB son las remesas, que tambi\u00e9n est\u00e1n definidas por el crecimiento econ\u00f3mico de Estados Unidos. Este pa\u00eds, donde residen m\u00e1s de 2 millones de salvadore\u00f1os, creci\u00f3 tan solo 1.1% en el primer trimestre del a\u00f1o. \u00abCuando el a\u00f1o pasado se empez\u00f3 a alertar que se preve\u00eda un crecimiento m\u00e1s bajo de EUA, eso tambi\u00e9n significaba una alerta para El Salvador en que las remesas iban a empezar a caer y, por lo tanto, otro de los grandes motores de la din\u00e1mica econ\u00f3mica, que es el consumo, tambi\u00e9n iba a empezar a caer\u00bb, se\u00f1ala. Las remesas no han ca\u00eddo, pero han bajado su ritmo de crecimiento; mientras que los datos de consumo vienen creciendo a tasas m\u00e1s bajas desde el segundo trimestre de 2022, y este a\u00f1o lo ha hecho en 1.27%. Por otra parte, la inversi\u00f3n privada, tambi\u00e9n tiene tres trimestres de estar con crecimiento negativo. \u00abSi las familias est\u00e1n gastando menos, si las empresas no est\u00e1n invirtiendo, eso va a definir las estad\u00edsticas del Producto Interno Bruto\u00bb, dice Marroqu\u00edn. (eleconomista.net 29.06.23)<\/p>\n","protected":false},"excerpt":{"rendered":"<p>La econom\u00eda salvadore\u00f1a se mantiene estancada, seg\u00fan muestran los datos del Banco Central de Reserva (BCR) que detallan que el Producto Interno Bruto (PIB) del primer trimestre del a\u00f1o, solo creci\u00f3 0.81%. Esta tasa&#46;&#46;&#46;<\/p>\n","protected":false},"author":1,"featured_media":48094,"comment_status":"open","ping_status":"closed","sticky":false,"template":"","format":"standard","meta":{"footnotes":""},"categories":[54],"tags":[257,117,142],"class_list":["post-57956","post","type-post","status-publish","format-standard","has-post-thumbnail","hentry","category-centroamerica-seleccion","tag-bcr","tag-el-salvador","tag-pib"],"_links":{"self":[{"href":"https:\/\/copades.com\/monec\/index.php?rest_route=\/wp\/v2\/posts\/57956","targetHints":{"allow":["GET"]}}],"collection":[{"href":"https:\/\/copades.com\/monec\/index.php?rest_route=\/wp\/v2\/posts"}],"about":[{"href":"https:\/\/copades.com\/monec\/index.php?rest_route=\/wp\/v2\/types\/post"}],"author":[{"embeddable":true,"href":"https:\/\/copades.com\/monec\/index.php?rest_route=\/wp\/v2\/users\/1"}],"replies":[{"embeddable":true,"href":"https:\/\/copades.com\/monec\/index.php?rest_route=%2Fwp%2Fv2%2Fcomments&post=57956"}],"version-history":[{"count":1,"href":"https:\/\/copades.com\/monec\/index.php?rest_route=\/wp\/v2\/posts\/57956\/revisions"}],"predecessor-version":[{"id":57957,"href":"https:\/\/copades.com\/monec\/index.php?rest_route=\/wp\/v2\/posts\/57956\/revisions\/57957"}],"wp:featuredmedia":[{"embeddable":true,"href":"https:\/\/copades.com\/monec\/index.php?rest_route=\/wp\/v2\/media\/48094"}],"wp:attachment":[{"href":"https:\/\/copades.com\/monec\/index.php?rest_route=%2Fwp%2Fv2%2Fmedia&parent=57956"}],"wp:term":[{"taxonomy":"category","embeddable":true,"href":"https:\/\/copades.com\/monec\/index.php?rest_route=%2Fwp%2Fv2%2Fcategories&post=57956"},{"taxonomy":"post_tag","embeddable":true,"href":"https:\/\/copades.com\/monec\/index.php?rest_route=%2Fwp%2Fv2%2Ftags&post=57956"}],"curies":[{"name":"wp","href":"https:\/\/api.w.org\/{rel}","templated":true}]}}