{"id":57998,"date":"2023-07-04T11:53:55","date_gmt":"2023-07-04T17:53:55","guid":{"rendered":"https:\/\/copades.com\/monec\/?p=57998"},"modified":"2023-07-05T11:55:12","modified_gmt":"2023-07-05T17:55:12","slug":"ee-uu-disminuyen-solicitudes-de-seguro-por-desempleo","status":"publish","type":"post","link":"https:\/\/copades.com\/monec\/?p=57998","title":{"rendered":"EE.UU.: Disminuyen solicitudes de seguro por desempleo"},"content":{"rendered":"<p style=\"text-align: justify;\">El n\u00famero de estadounidenses que solicitaron el seguro por desempleo cay\u00f3 considerablemente la semana pasada, en una tendencia que parece estabilizar los niveles en las \u00faltimas semanas. Las solicitudes de ayuda por desempleo en Estados Unidos bajaron 26.000 para colocarse en 239.000 para la semana finalizada el 24 de junio, inform\u00f3 el jueves el Departamento de Trabajo. Los analistas esperaban que las elevadas cifras de solicitudes se mantuvieran por arriba de las 260.000, donde hab\u00edan estado en las \u00faltimas tres semanas. \u201cNo tenemos una explicaci\u00f3n espec\u00edfica para esta ca\u00edda repentina, despu\u00e9s de tres semanas seguidas en un rango estrecho de 262.000 a 265.000, pero las observaciones de semanas individuales siempre deben verse con escepticismo, especialmente cuando se mueven en contra de la tendencia establecida en solicitudes y otros datos\u201d, indicaron analistas de Contingent Macro Research el jueves en una nota a los clientes. El promedio para cuatro semanas, que es menos vol\u00e1til que el promedio semanal, aument\u00f3 en 1.500 a 257.500. Las solicitudes de ayuda se consideran representativas del n\u00famero de despidos en una semana determinada. Las solicitudes de seguro por desempleo en las \u00faltimas tres semanas se han acercado a 300.000 despu\u00e9s de estar en su mayor\u00eda en el rango alto de 100.000 a bajo 200.000 desde el oto\u00f1o de 2021. A\u00fan as\u00ed, ese incremento probablemente no sea suficiente para los funcionarios de la Fed, que han dicho anteriormente que la tasa de desempleo necesita subir m\u00e1s all\u00e1 del 4% a fin de reducir la inflaci\u00f3n. (La Hora 04.07.23)<\/p>\n","protected":false},"excerpt":{"rendered":"<p>El n\u00famero de estadounidenses que solicitaron el seguro por desempleo cay\u00f3 considerablemente la semana pasada, en una tendencia que parece estabilizar los niveles en las \u00faltimas semanas. Las solicitudes de ayuda por desempleo en&#46;&#46;&#46;<\/p>\n","protected":false},"author":1,"featured_media":52475,"comment_status":"open","ping_status":"closed","sticky":false,"template":"","format":"standard","meta":{"footnotes":""},"categories":[55],"tags":[110,109],"class_list":["post-57998","post","type-post","status-publish","format-standard","has-post-thumbnail","hentry","category-internacionales-seleccion","tag-desempleo","tag-ee-uu"],"_links":{"self":[{"href":"https:\/\/copades.com\/monec\/index.php?rest_route=\/wp\/v2\/posts\/57998","targetHints":{"allow":["GET"]}}],"collection":[{"href":"https:\/\/copades.com\/monec\/index.php?rest_route=\/wp\/v2\/posts"}],"about":[{"href":"https:\/\/copades.com\/monec\/index.php?rest_route=\/wp\/v2\/types\/post"}],"author":[{"embeddable":true,"href":"https:\/\/copades.com\/monec\/index.php?rest_route=\/wp\/v2\/users\/1"}],"replies":[{"embeddable":true,"href":"https:\/\/copades.com\/monec\/index.php?rest_route=%2Fwp%2Fv2%2Fcomments&post=57998"}],"version-history":[{"count":1,"href":"https:\/\/copades.com\/monec\/index.php?rest_route=\/wp\/v2\/posts\/57998\/revisions"}],"predecessor-version":[{"id":57999,"href":"https:\/\/copades.com\/monec\/index.php?rest_route=\/wp\/v2\/posts\/57998\/revisions\/57999"}],"wp:featuredmedia":[{"embeddable":true,"href":"https:\/\/copades.com\/monec\/index.php?rest_route=\/wp\/v2\/media\/52475"}],"wp:attachment":[{"href":"https:\/\/copades.com\/monec\/index.php?rest_route=%2Fwp%2Fv2%2Fmedia&parent=57998"}],"wp:term":[{"taxonomy":"category","embeddable":true,"href":"https:\/\/copades.com\/monec\/index.php?rest_route=%2Fwp%2Fv2%2Fcategories&post=57998"},{"taxonomy":"post_tag","embeddable":true,"href":"https:\/\/copades.com\/monec\/index.php?rest_route=%2Fwp%2Fv2%2Ftags&post=57998"}],"curies":[{"name":"wp","href":"https:\/\/api.w.org\/{rel}","templated":true}]}}