{"id":58002,"date":"2023-07-04T11:57:04","date_gmt":"2023-07-04T17:57:04","guid":{"rendered":"https:\/\/copades.com\/monec\/?p=58002"},"modified":"2023-07-05T12:00:03","modified_gmt":"2023-07-05T18:00:03","slug":"el-sector-privado-eleva-al-2-26-el-pronostico-de-crecimiento-de-mexico-en-2023","status":"publish","type":"post","link":"https:\/\/copades.com\/monec\/?p=58002","title":{"rendered":"El sector privado eleva al 2.26 % el pron\u00f3stico de crecimiento de M\u00e9xico en 2023"},"content":{"rendered":"<p style=\"text-align: justify;\">Especialistas del sector privado elevaron al 2.26% el pron\u00f3stico de crecimiento del producto interior bruto (PIB) mexicano para 2023 desde una estimaci\u00f3n previa del 2.05%, seg\u00fan revel\u00f3 este lunes la encuesta mensual de junio del Banco de M\u00e9xico (Banxico). Por otro lado, la previsi\u00f3n para 2024 decreci\u00f3 a 1.57% tras una estimaci\u00f3n anterior de 1.58%, de acuerdo con la media de los 36 grupos de an\u00e1lisis y consultor\u00eda nacionales y extranjeros que participaron en el sondeo del banco central, entre el 20 y el 27 de junio. Estas proyecciones se difunden tras revelarse que el PIB de M\u00e9xico creci\u00f3 un 3.7% interanual y un 1% trimestral en el primer trimestre de 2023, por encima de las expectativas del mercado, seg\u00fan cifras definitivas del Instituto Nacional de Estad\u00edstica y Geograf\u00eda (Inegi). Asimismo, los expertos mejoraron la perspectiva de la inflaci\u00f3n general para el cierre de 2023 a una estimaci\u00f3n de un 4.7% desde una proyecci\u00f3n previa del 5%. Esta previsi\u00f3n llega tras difundirse que la tasa de inflaci\u00f3n mexicana cay\u00f3 hasta un 5,84% en mayo, su menor nivel desde agosto de 2021. De igual forma, los especialistas consultados por el Banxico redujeron la proyecci\u00f3n de la inflaci\u00f3n de 2024 a un 4.01% desde la anterior de 4.08%. Como factores que podr\u00edan obstaculizar el crecimiento econ\u00f3mico en M\u00e9xico en los pr\u00f3ximos seis meses, los expertos destacaron a nivel general la gobernanza (52%) y las condiciones econ\u00f3micas internas (16%). Mientras que a nivel particular enunciaron los problemas de inseguridad p\u00fablica (20%), la falta de Estado de derecho (12%), la ausencia de cambio estructural (7%) y la corrupci\u00f3n (7%). (eleconomista.net 04.07.23)<\/p>\n","protected":false},"excerpt":{"rendered":"<p>Especialistas del sector privado elevaron al 2.26% el pron\u00f3stico de crecimiento del producto interior bruto (PIB) mexicano para 2023 desde una estimaci\u00f3n previa del 2.05%, seg\u00fan revel\u00f3 este lunes la encuesta mensual de junio&#46;&#46;&#46;<\/p>\n","protected":false},"author":1,"featured_media":50701,"comment_status":"open","ping_status":"closed","sticky":false,"template":"","format":"standard","meta":{"footnotes":""},"categories":[55],"tags":[530,87,142],"class_list":["post-58002","post","type-post","status-publish","format-standard","has-post-thumbnail","hentry","category-internacionales-seleccion","tag-inegi","tag-mexico","tag-pib"],"_links":{"self":[{"href":"https:\/\/copades.com\/monec\/index.php?rest_route=\/wp\/v2\/posts\/58002","targetHints":{"allow":["GET"]}}],"collection":[{"href":"https:\/\/copades.com\/monec\/index.php?rest_route=\/wp\/v2\/posts"}],"about":[{"href":"https:\/\/copades.com\/monec\/index.php?rest_route=\/wp\/v2\/types\/post"}],"author":[{"embeddable":true,"href":"https:\/\/copades.com\/monec\/index.php?rest_route=\/wp\/v2\/users\/1"}],"replies":[{"embeddable":true,"href":"https:\/\/copades.com\/monec\/index.php?rest_route=%2Fwp%2Fv2%2Fcomments&post=58002"}],"version-history":[{"count":3,"href":"https:\/\/copades.com\/monec\/index.php?rest_route=\/wp\/v2\/posts\/58002\/revisions"}],"predecessor-version":[{"id":58005,"href":"https:\/\/copades.com\/monec\/index.php?rest_route=\/wp\/v2\/posts\/58002\/revisions\/58005"}],"wp:featuredmedia":[{"embeddable":true,"href":"https:\/\/copades.com\/monec\/index.php?rest_route=\/wp\/v2\/media\/50701"}],"wp:attachment":[{"href":"https:\/\/copades.com\/monec\/index.php?rest_route=%2Fwp%2Fv2%2Fmedia&parent=58002"}],"wp:term":[{"taxonomy":"category","embeddable":true,"href":"https:\/\/copades.com\/monec\/index.php?rest_route=%2Fwp%2Fv2%2Fcategories&post=58002"},{"taxonomy":"post_tag","embeddable":true,"href":"https:\/\/copades.com\/monec\/index.php?rest_route=%2Fwp%2Fv2%2Ftags&post=58002"}],"curies":[{"name":"wp","href":"https:\/\/api.w.org\/{rel}","templated":true}]}}