{"id":58021,"date":"2023-07-06T17:49:33","date_gmt":"2023-07-06T23:49:33","guid":{"rendered":"https:\/\/copades.com\/monec\/?p=58021"},"modified":"2023-07-07T17:52:44","modified_gmt":"2023-07-07T23:52:44","slug":"igss-para-migrantes-guatemaltecos-radicados-en-5-estados-de-ee-uu-podran-aportar-al-seguro-social-para-pension-por-vejez-y-proteger-a-su-familia","status":"publish","type":"post","link":"https:\/\/copades.com\/monec\/?p=58021","title":{"rendered":"IGSS para migrantes: Guatemaltecos radicados en 5 estados de EE. UU. podr\u00e1n aportar al seguro social para pensi\u00f3n por vejez y proteger a su familia"},"content":{"rendered":"<p style=\"text-align: justify;\">Migrantes guatemaltecos que radican en algunos estados de Estados Unidos podr\u00e1n aportar voluntariamente para acceder a una pensi\u00f3n por vejez y proteger a su familia, luego de que la junta directiva del Instituto Guatemalteco de Seguridad Social (IGSS), aprob\u00f3 en marzo una propuesta en esa materia, que ahora se busca reglamentar. De acuerdo con informaci\u00f3n publicada recientemente por el IGSS, mediante Acuerdo 1543 de junta directiva del IGSS, se aprob\u00f3 que migrantes guatemaltecos radicados en California, Florida, Illinois, Texas y Nueva York puedan contribuir al programa de Invalidez, Vejez y Sobrevivencia (IVS), y beneficiar a sus c\u00f3nyuges e hijos menores de 7 a\u00f1os, con el programa de Enfermedad, Maternidad y Accidentes (EMA). Por ahora, el Reglamento Relativo a la Cobertura del R\u00e9gimen de Seguridad Social para el Migrante y Trabajador de Mar Guatemalteco, ha sido elevado al Organismo Ejecutivo para su sanci\u00f3n, promulgaci\u00f3n y puesta en vigor. (Prensa Libre 06.07.23)<\/p>\n","protected":false},"excerpt":{"rendered":"<p>Migrantes guatemaltecos que radican en algunos estados de Estados Unidos podr\u00e1n aportar voluntariamente para acceder a una pensi\u00f3n por vejez y proteger a su familia, luego de que la junta directiva del Instituto Guatemalteco&#46;&#46;&#46;<\/p>\n","protected":false},"author":1,"featured_media":48360,"comment_status":"open","ping_status":"closed","sticky":false,"template":"","format":"standard","meta":{"footnotes":""},"categories":[49],"tags":[1988,177,2391],"class_list":["post-58021","post","type-post","status-publish","format-standard","has-post-thumbnail","hentry","category-poblacion-empleos-y-salarios","tag-ema","tag-igss","tag-ivs"],"_links":{"self":[{"href":"https:\/\/copades.com\/monec\/index.php?rest_route=\/wp\/v2\/posts\/58021","targetHints":{"allow":["GET"]}}],"collection":[{"href":"https:\/\/copades.com\/monec\/index.php?rest_route=\/wp\/v2\/posts"}],"about":[{"href":"https:\/\/copades.com\/monec\/index.php?rest_route=\/wp\/v2\/types\/post"}],"author":[{"embeddable":true,"href":"https:\/\/copades.com\/monec\/index.php?rest_route=\/wp\/v2\/users\/1"}],"replies":[{"embeddable":true,"href":"https:\/\/copades.com\/monec\/index.php?rest_route=%2Fwp%2Fv2%2Fcomments&post=58021"}],"version-history":[{"count":1,"href":"https:\/\/copades.com\/monec\/index.php?rest_route=\/wp\/v2\/posts\/58021\/revisions"}],"predecessor-version":[{"id":58022,"href":"https:\/\/copades.com\/monec\/index.php?rest_route=\/wp\/v2\/posts\/58021\/revisions\/58022"}],"wp:featuredmedia":[{"embeddable":true,"href":"https:\/\/copades.com\/monec\/index.php?rest_route=\/wp\/v2\/media\/48360"}],"wp:attachment":[{"href":"https:\/\/copades.com\/monec\/index.php?rest_route=%2Fwp%2Fv2%2Fmedia&parent=58021"}],"wp:term":[{"taxonomy":"category","embeddable":true,"href":"https:\/\/copades.com\/monec\/index.php?rest_route=%2Fwp%2Fv2%2Fcategories&post=58021"},{"taxonomy":"post_tag","embeddable":true,"href":"https:\/\/copades.com\/monec\/index.php?rest_route=%2Fwp%2Fv2%2Ftags&post=58021"}],"curies":[{"name":"wp","href":"https:\/\/api.w.org\/{rel}","templated":true}]}}