{"id":58117,"date":"2023-07-11T12:04:25","date_gmt":"2023-07-11T18:04:25","guid":{"rendered":"https:\/\/copades.com\/monec\/?p=58117"},"modified":"2023-07-18T12:05:23","modified_gmt":"2023-07-18T18:05:23","slug":"la-tasa-de-inflacion-de-el-salvador-llego-a-3-78-en-junio","status":"publish","type":"post","link":"https:\/\/copades.com\/monec\/?p=58117","title":{"rendered":"La Tasa de inflaci\u00f3n de El Salvador lleg\u00f3 a 3.78 % en junio"},"content":{"rendered":"<p style=\"text-align: justify;\">En el primer semestre de 2023, la tasa de inflaci\u00f3n de El Salvador, medida por el \u00cdndice de Precios al Consumidor (IPC), sigui\u00f3 creciendo, pero a un ritmo m\u00e1s bajo y lleg\u00f3 a 3.78% en junio, indica el \u00faltimo reporte del Banco Central de Reserva (BCR). Esta es la cifra m\u00e1s baja desde agosto de 2021, cuando se situ\u00f3 en 4.30 %. La divisi\u00f3n de alimentos y bebidas no alcoh\u00f3licas presenta la desaceleraci\u00f3n m\u00e1s significativa en relaci\u00f3n con enero cuando el aumento fue de 12.22%; el incremento fue de 6.93% en junio. Los precios comenzaron a subir a nivel mundial a mediados de 2021 a ra\u00edz de la gran demanda que surgi\u00f3 despu\u00e9s de la crisis sanitaria de 2020 y los problemas de las cadenas de abastecimiento. En 2022, el alza en esta divisi\u00f3n fue tanto que super\u00f3 el 14.50% interanual en agosto. La \u00faltima encuesta de microeconom\u00eda del Instituto de Ciencia, Tecnolog\u00eda e Innovaci\u00f3n de la Universidad Francisco Gavidia (ICTI-UFG) identific\u00f3 que el 65%, de 1,231 salvadore\u00f1os encuestados, notaron un incremento \u00abmuy alto\u00bb en el costo de los productos y servicios; destacando los rubros de alimentaci\u00f3n y salud. El BCR report\u00f3 que la divisi\u00f3n de muebles, art\u00edculos para el hogar y para la conservaci\u00f3n ordinaria del hogar tambi\u00e9n presenta una desaceleraci\u00f3n, ya que pas\u00f3 de aumentar 7.13% en enero a subir 0.24% en junio. (eleconomista.net 11.07.23)<\/p>\n","protected":false},"excerpt":{"rendered":"<p>En el primer semestre de 2023, la tasa de inflaci\u00f3n de El Salvador, medida por el \u00cdndice de Precios al Consumidor (IPC), sigui\u00f3 creciendo, pero a un ritmo m\u00e1s bajo y lleg\u00f3 a 3.78%&#46;&#46;&#46;<\/p>\n","protected":false},"author":1,"featured_media":48094,"comment_status":"open","ping_status":"closed","sticky":false,"template":"","format":"standard","meta":{"footnotes":""},"categories":[54],"tags":[257,117,104],"class_list":["post-58117","post","type-post","status-publish","format-standard","has-post-thumbnail","hentry","category-centroamerica-seleccion","tag-bcr","tag-el-salvador","tag-ipc"],"_links":{"self":[{"href":"https:\/\/copades.com\/monec\/index.php?rest_route=\/wp\/v2\/posts\/58117","targetHints":{"allow":["GET"]}}],"collection":[{"href":"https:\/\/copades.com\/monec\/index.php?rest_route=\/wp\/v2\/posts"}],"about":[{"href":"https:\/\/copades.com\/monec\/index.php?rest_route=\/wp\/v2\/types\/post"}],"author":[{"embeddable":true,"href":"https:\/\/copades.com\/monec\/index.php?rest_route=\/wp\/v2\/users\/1"}],"replies":[{"embeddable":true,"href":"https:\/\/copades.com\/monec\/index.php?rest_route=%2Fwp%2Fv2%2Fcomments&post=58117"}],"version-history":[{"count":1,"href":"https:\/\/copades.com\/monec\/index.php?rest_route=\/wp\/v2\/posts\/58117\/revisions"}],"predecessor-version":[{"id":58118,"href":"https:\/\/copades.com\/monec\/index.php?rest_route=\/wp\/v2\/posts\/58117\/revisions\/58118"}],"wp:featuredmedia":[{"embeddable":true,"href":"https:\/\/copades.com\/monec\/index.php?rest_route=\/wp\/v2\/media\/48094"}],"wp:attachment":[{"href":"https:\/\/copades.com\/monec\/index.php?rest_route=%2Fwp%2Fv2%2Fmedia&parent=58117"}],"wp:term":[{"taxonomy":"category","embeddable":true,"href":"https:\/\/copades.com\/monec\/index.php?rest_route=%2Fwp%2Fv2%2Fcategories&post=58117"},{"taxonomy":"post_tag","embeddable":true,"href":"https:\/\/copades.com\/monec\/index.php?rest_route=%2Fwp%2Fv2%2Ftags&post=58117"}],"curies":[{"name":"wp","href":"https:\/\/api.w.org\/{rel}","templated":true}]}}