{"id":58129,"date":"2023-07-11T12:08:41","date_gmt":"2023-07-11T18:08:41","guid":{"rendered":"https:\/\/copades.com\/monec\/?p=58129"},"modified":"2023-07-18T12:10:34","modified_gmt":"2023-07-18T18:10:34","slug":"exportacion-de-productos-farmaceuticos-en-el-salvador-bajo-un-11","status":"publish","type":"post","link":"https:\/\/copades.com\/monec\/?p=58129","title":{"rendered":"Exportaci\u00f3n de productos farmac\u00e9uticos en El Salvador baj\u00f3 un 11%"},"content":{"rendered":"<p style=\"text-align: justify;\">La exportaci\u00f3n de productos farmac\u00e9uticos de El Salvador baj\u00f3 un 11 % interanual en 2022. El a\u00f1o pasado, la industria farmac\u00e9utica export\u00f3 $169.4 millones, $21.1 millones menos que los $190.5 millones registrados en 2021, seg\u00fan el informe sectorial de la Asociaci\u00f3n de Industriales Qu\u00edmico Farmac\u00e9uticos de El Salvador (INQUIFAR), correspondiente a 2023. La gremial destac\u00f3 en su informe que, en lo que se refiere a volumen, las exportaciones de productos farmac\u00e9uticos han mantenido un comportamiento similar durante los \u00faltimos tres a\u00f1os, con un promedio de 22 millones de kilogramos, \u00abpor lo que las variaciones en el monto exportado han estado influenciadas por el precio de exportaci\u00f3n\u00bb. En 2019, el sector export\u00f3 19.8 millones de kilogramos de estos productos; en 2020 y 2021 la cifra alcanz\u00f3 los 22 millones de kilogramos; y en 2022 fueron 22.3 millones los kilogramos vendidos al exterior. Seg\u00fan la INQUIFAR, el precio promedio por cada kilogramo exportado de productos farmac\u00e9uticos se ubic\u00f3 en $8.65 en 2021 y descendi\u00f3 a $7.60 para 2022. La INQUIFAR subray\u00f3 que las exportaciones de estos productos tuvieron comportamientos at\u00edpicos en los a\u00f1os 2020 y 2021. En 2020, por otra parte, gran parte del mundo estuvo en confinamiento por el covid-19. \u00abLa atenci\u00f3n prioritaria del mercado nacional en 2020 afect\u00f3 las exportaciones y el incremento de la demanda internacional en 2021 favoreci\u00f3 las exportaciones de medicamentos que cerraron con un monto superior a la tendencia anual que el sector ha mantenido\u00bb, explic\u00f3 la gremial en su informe. (eleconomista.net 11.07.23)<\/p>\n","protected":false},"excerpt":{"rendered":"<p>La exportaci\u00f3n de productos farmac\u00e9uticos de El Salvador baj\u00f3 un 11 % interanual en 2022. El a\u00f1o pasado, la industria farmac\u00e9utica export\u00f3 $169.4 millones, $21.1 millones menos que los $190.5 millones registrados en 2021,&#46;&#46;&#46;<\/p>\n","protected":false},"author":1,"featured_media":52296,"comment_status":"open","ping_status":"closed","sticky":false,"template":"","format":"standard","meta":{"footnotes":""},"categories":[54],"tags":[117,8228,8227],"class_list":["post-58129","post","type-post","status-publish","format-standard","has-post-thumbnail","hentry","category-centroamerica-seleccion","tag-el-salvador","tag-inquifar","tag-productos-farmaceuticos"],"_links":{"self":[{"href":"https:\/\/copades.com\/monec\/index.php?rest_route=\/wp\/v2\/posts\/58129","targetHints":{"allow":["GET"]}}],"collection":[{"href":"https:\/\/copades.com\/monec\/index.php?rest_route=\/wp\/v2\/posts"}],"about":[{"href":"https:\/\/copades.com\/monec\/index.php?rest_route=\/wp\/v2\/types\/post"}],"author":[{"embeddable":true,"href":"https:\/\/copades.com\/monec\/index.php?rest_route=\/wp\/v2\/users\/1"}],"replies":[{"embeddable":true,"href":"https:\/\/copades.com\/monec\/index.php?rest_route=%2Fwp%2Fv2%2Fcomments&post=58129"}],"version-history":[{"count":1,"href":"https:\/\/copades.com\/monec\/index.php?rest_route=\/wp\/v2\/posts\/58129\/revisions"}],"predecessor-version":[{"id":58130,"href":"https:\/\/copades.com\/monec\/index.php?rest_route=\/wp\/v2\/posts\/58129\/revisions\/58130"}],"wp:featuredmedia":[{"embeddable":true,"href":"https:\/\/copades.com\/monec\/index.php?rest_route=\/wp\/v2\/media\/52296"}],"wp:attachment":[{"href":"https:\/\/copades.com\/monec\/index.php?rest_route=%2Fwp%2Fv2%2Fmedia&parent=58129"}],"wp:term":[{"taxonomy":"category","embeddable":true,"href":"https:\/\/copades.com\/monec\/index.php?rest_route=%2Fwp%2Fv2%2Fcategories&post=58129"},{"taxonomy":"post_tag","embeddable":true,"href":"https:\/\/copades.com\/monec\/index.php?rest_route=%2Fwp%2Fv2%2Ftags&post=58129"}],"curies":[{"name":"wp","href":"https:\/\/api.w.org\/{rel}","templated":true}]}}