{"id":58190,"date":"2023-07-20T13:00:07","date_gmt":"2023-07-20T19:00:07","guid":{"rendered":"https:\/\/copades.com\/monec\/?p=58190"},"modified":"2023-07-20T13:00:07","modified_gmt":"2023-07-20T19:00:07","slug":"capacitan-a-empresarios-sobre-tratados-de-libre-comercio","status":"publish","type":"post","link":"https:\/\/copades.com\/monec\/?p=58190","title":{"rendered":"Capacitan a empresarios sobre tratados de libre comercio"},"content":{"rendered":"<p style=\"text-align: justify;\">M\u00e1s de 50 empresarios se capacitaron sobre el aprovechamiento de los tratados de libre comercio (TLC) durante la formaci\u00f3n que brind\u00f3 el Viceministerio de Integraci\u00f3n y Comercio Exterior, del Ministerio de Econom\u00eda (Mineco), con el apoyo de la C\u00e1mara de Industria. De acuerdo con el Mineco, el programa se enfoc\u00f3 en proveer herramientas para la utilizaci\u00f3n de mercados, t\u00e9cnicas de negociaci\u00f3n, as\u00ed como aspectos generales para efectuar transacciones comerciales internacionales. Seg\u00fan la Superintendencia de Administraci\u00f3n Tributaria (SAT), los TLC encierran diferentes aspectos que van desde factores econ\u00f3micos y financieros hasta geogr\u00e1ficos, demogr\u00e1ficos y culturales. Destac\u00f3 que una parte de los acuerdos consiste en la eliminaci\u00f3n o rebaja de los aranceles para los bienes importados originarios de un pa\u00eds y en materia de servicios. Dichos convenios se rigen por las reglas de la Organizaci\u00f3n Mundial del Comercio (OMC) o por aquellas establecidas de mutuo acuerdo entre las naciones involucradas. Asimismo, contienen normas y procedimientos para garantizar que los flujos de bienes, servicios e inversiones se ejecuten sin restricciones injustificadas y en condiciones transparentes y predecibles. (Diario de Centro Am\u00e9rica 20.07.23)<\/p>\n","protected":false},"excerpt":{"rendered":"<p>M\u00e1s de 50 empresarios se capacitaron sobre el aprovechamiento de los tratados de libre comercio (TLC) durante la formaci\u00f3n que brind\u00f3 el Viceministerio de Integraci\u00f3n y Comercio Exterior, del Ministerio de Econom\u00eda (Mineco), con&#46;&#46;&#46;<\/p>\n","protected":false},"author":1,"featured_media":58191,"comment_status":"open","ping_status":"closed","sticky":false,"template":"","format":"standard","meta":{"footnotes":""},"categories":[36],"tags":[],"class_list":["post-58190","post","type-post","status-publish","format-standard","has-post-thumbnail","hentry","category-tratados-de-libre-comercio"],"_links":{"self":[{"href":"https:\/\/copades.com\/monec\/index.php?rest_route=\/wp\/v2\/posts\/58190","targetHints":{"allow":["GET"]}}],"collection":[{"href":"https:\/\/copades.com\/monec\/index.php?rest_route=\/wp\/v2\/posts"}],"about":[{"href":"https:\/\/copades.com\/monec\/index.php?rest_route=\/wp\/v2\/types\/post"}],"author":[{"embeddable":true,"href":"https:\/\/copades.com\/monec\/index.php?rest_route=\/wp\/v2\/users\/1"}],"replies":[{"embeddable":true,"href":"https:\/\/copades.com\/monec\/index.php?rest_route=%2Fwp%2Fv2%2Fcomments&post=58190"}],"version-history":[{"count":1,"href":"https:\/\/copades.com\/monec\/index.php?rest_route=\/wp\/v2\/posts\/58190\/revisions"}],"predecessor-version":[{"id":58192,"href":"https:\/\/copades.com\/monec\/index.php?rest_route=\/wp\/v2\/posts\/58190\/revisions\/58192"}],"wp:featuredmedia":[{"embeddable":true,"href":"https:\/\/copades.com\/monec\/index.php?rest_route=\/wp\/v2\/media\/58191"}],"wp:attachment":[{"href":"https:\/\/copades.com\/monec\/index.php?rest_route=%2Fwp%2Fv2%2Fmedia&parent=58190"}],"wp:term":[{"taxonomy":"category","embeddable":true,"href":"https:\/\/copades.com\/monec\/index.php?rest_route=%2Fwp%2Fv2%2Fcategories&post=58190"},{"taxonomy":"post_tag","embeddable":true,"href":"https:\/\/copades.com\/monec\/index.php?rest_route=%2Fwp%2Fv2%2Ftags&post=58190"}],"curies":[{"name":"wp","href":"https:\/\/api.w.org\/{rel}","templated":true}]}}