{"id":58223,"date":"2023-07-21T11:18:12","date_gmt":"2023-07-21T17:18:12","guid":{"rendered":"https:\/\/copades.com\/monec\/?p=58223"},"modified":"2023-07-21T11:18:12","modified_gmt":"2023-07-21T17:18:12","slug":"acuerdo-con-estados-unidos-proyectara-a-costa-rica-como-hub-regional-en-la-industria-de-los-semiconductores","status":"publish","type":"post","link":"https:\/\/copades.com\/monec\/?p=58223","title":{"rendered":"Acuerdo con Estados Unidos proyectar\u00e1 a Costa Rica como \u00abhub\u00bb regional en la industria de los semiconductores"},"content":{"rendered":"<p style=\"text-align: justify;\">El acuerdo de cooperaci\u00f3n entre Costa Rica y Estados Unidos, anunciado el pasado 14 de julio, pretende convertir al pa\u00eds en un centro regional de investigaci\u00f3n, manufactura y desarrollo de talento para satisfacer la demanda de la industria de los semiconductores. <strong>Manuel Tovar<\/strong>, ministro de Comercio Exterior (Comex), explic\u00f3 que Costa Rica formalmente present\u00f3 una propuesta al Gobierno de Estados Unidos para ser considerado como candidato al Fondo Internacional de Innovaci\u00f3n y Seguridad Tecnol\u00f3gica (Fondo ITSI), establecido por la Ley de Chips y Ciencia, promulgada por el presidente <strong>Joe Biden<\/strong>, en agosto de 2022. La propuesta presentada por Costa Rica se enfoca en crear un hub o centro tecnol\u00f3gico regional dedicado a la investigaci\u00f3n, fabricaci\u00f3n y desarrollo de capacidades para apoyar a otros pa\u00edses en el campo de los semiconductores, de acuerdo con el ministro. \u00a0Los semiconductores son materiales que poseen propiedades el\u00e9ctricas espec\u00edficas que le permiten servir de base para ordenadores y otros dispositivos electr\u00f3nicos terminados, como microchips y circuitos. \u201cCosta Rica alberga importante inversi\u00f3n en esta industria de los semiconductores; ese buen nombre y la buena reputaci\u00f3n nos hizo beneficiarios del fondo. Adem\u00e1s, la propuesta que presentamos desde Comex a Estados Unidos hizo que ellos se decantaran por nosotros como el primer pa\u00eds beneficiario y anunciado para esta ley\u201d, afirm\u00f3 Tovar. (eleconomista.net 21.07.23)<\/p>\n","protected":false},"excerpt":{"rendered":"<p>El acuerdo de cooperaci\u00f3n entre Costa Rica y Estados Unidos, anunciado el pasado 14 de julio, pretende convertir al pa\u00eds en un centro regional de investigaci\u00f3n, manufactura y desarrollo de talento para satisfacer la&#46;&#46;&#46;<\/p>\n","protected":false},"author":1,"featured_media":58224,"comment_status":"open","ping_status":"closed","sticky":false,"template":"","format":"standard","meta":{"footnotes":""},"categories":[54],"tags":[7888],"class_list":["post-58223","post","type-post","status-publish","format-standard","has-post-thumbnail","hentry","category-centroamerica-seleccion","tag-semiconductores"],"_links":{"self":[{"href":"https:\/\/copades.com\/monec\/index.php?rest_route=\/wp\/v2\/posts\/58223","targetHints":{"allow":["GET"]}}],"collection":[{"href":"https:\/\/copades.com\/monec\/index.php?rest_route=\/wp\/v2\/posts"}],"about":[{"href":"https:\/\/copades.com\/monec\/index.php?rest_route=\/wp\/v2\/types\/post"}],"author":[{"embeddable":true,"href":"https:\/\/copades.com\/monec\/index.php?rest_route=\/wp\/v2\/users\/1"}],"replies":[{"embeddable":true,"href":"https:\/\/copades.com\/monec\/index.php?rest_route=%2Fwp%2Fv2%2Fcomments&post=58223"}],"version-history":[{"count":1,"href":"https:\/\/copades.com\/monec\/index.php?rest_route=\/wp\/v2\/posts\/58223\/revisions"}],"predecessor-version":[{"id":58225,"href":"https:\/\/copades.com\/monec\/index.php?rest_route=\/wp\/v2\/posts\/58223\/revisions\/58225"}],"wp:featuredmedia":[{"embeddable":true,"href":"https:\/\/copades.com\/monec\/index.php?rest_route=\/wp\/v2\/media\/58224"}],"wp:attachment":[{"href":"https:\/\/copades.com\/monec\/index.php?rest_route=%2Fwp%2Fv2%2Fmedia&parent=58223"}],"wp:term":[{"taxonomy":"category","embeddable":true,"href":"https:\/\/copades.com\/monec\/index.php?rest_route=%2Fwp%2Fv2%2Fcategories&post=58223"},{"taxonomy":"post_tag","embeddable":true,"href":"https:\/\/copades.com\/monec\/index.php?rest_route=%2Fwp%2Fv2%2Ftags&post=58223"}],"curies":[{"name":"wp","href":"https:\/\/api.w.org\/{rel}","templated":true}]}}