{"id":58264,"date":"2023-07-14T20:05:53","date_gmt":"2023-07-15T02:05:53","guid":{"rendered":"https:\/\/copades.com\/monec\/?p=58264"},"modified":"2023-07-23T20:07:23","modified_gmt":"2023-07-24T02:07:23","slug":"el-salvador-pide-financiamiento-para-el-tren-del-pacifico-a-la-union-europea","status":"publish","type":"post","link":"https:\/\/copades.com\/monec\/?p=58264","title":{"rendered":"El Salvador pide financiamiento para el Tren del Pac\u00edfico a la Uni\u00f3n Europea"},"content":{"rendered":"<p style=\"text-align: justify;\">El Salvador hizo una solicitud formal al Banco Europeo de Inversiones (BEI) para financiar la ejecuci\u00f3n del Tren del Pac\u00edfico y ya hay luz verde para estudiar la operaci\u00f3n, inform\u00f3 ayer el jefe de Cooperaci\u00f3n de la Uni\u00f3n Europea, <strong>Miguel Varela<\/strong>. \u00abSolo hay luz verde preliminar para estudiar la operaci\u00f3n, hay muchas condiciones y criterios que deben cumplirse para que el Banco Europeo de Inversiones pueda otorgar el financiamiento\u00bb, aclar\u00f3. \u00abLa decisi\u00f3n tiene un proceso largo; digamos que la primera parte ya la tienen por parte de la Comisi\u00f3n Europea por el hecho de que se otorgar\u00eda una garant\u00eda, pero eso no implica que la decisi\u00f3n est\u00e9 tomada, es como el primer paso. Ahora, es necesario que estudios complementarios que todav\u00eda no est\u00e1n determinados, de factibilidad de tramos del Tren del Pac\u00edfico, se terminen y se estudie por parte del banco\u00bb, explic\u00f3. Varela indic\u00f3 que la expectativa es que en 2024 haya una decisi\u00f3n respecto a la financiaci\u00f3n del primer tramo del tren; la decisi\u00f3n depender\u00eda de c\u00f3mo evolucionen los estudios. En la primera fase, la idea es que el tren conecte San Salvador con el puerto de Acajutla, en Sonsonate. La segunda fase lleva la conectividad hacia una salida al Atl\u00e1ntico con un puerto de Guatemala y con el Tren Maya de M\u00e9xico, que a\u00fan est\u00e1 en construcci\u00f3n. Asimismo, contar\u00e1 con una tercera parte, en la que se incluir\u00e1 un recorrido hacia el oriente. (eleconomista.net 14.07.23)<\/p>\n","protected":false},"excerpt":{"rendered":"<p>El Salvador hizo una solicitud formal al Banco Europeo de Inversiones (BEI) para financiar la ejecuci\u00f3n del Tren del Pac\u00edfico y ya hay luz verde para estudiar la operaci\u00f3n, inform\u00f3 ayer el jefe de&#46;&#46;&#46;<\/p>\n","protected":false},"author":1,"featured_media":48094,"comment_status":"open","ping_status":"closed","sticky":false,"template":"","format":"standard","meta":{"footnotes":""},"categories":[54],"tags":[6944,117],"class_list":["post-58264","post","type-post","status-publish","format-standard","has-post-thumbnail","hentry","category-centroamerica-seleccion","tag-bei","tag-el-salvador"],"_links":{"self":[{"href":"https:\/\/copades.com\/monec\/index.php?rest_route=\/wp\/v2\/posts\/58264","targetHints":{"allow":["GET"]}}],"collection":[{"href":"https:\/\/copades.com\/monec\/index.php?rest_route=\/wp\/v2\/posts"}],"about":[{"href":"https:\/\/copades.com\/monec\/index.php?rest_route=\/wp\/v2\/types\/post"}],"author":[{"embeddable":true,"href":"https:\/\/copades.com\/monec\/index.php?rest_route=\/wp\/v2\/users\/1"}],"replies":[{"embeddable":true,"href":"https:\/\/copades.com\/monec\/index.php?rest_route=%2Fwp%2Fv2%2Fcomments&post=58264"}],"version-history":[{"count":1,"href":"https:\/\/copades.com\/monec\/index.php?rest_route=\/wp\/v2\/posts\/58264\/revisions"}],"predecessor-version":[{"id":58265,"href":"https:\/\/copades.com\/monec\/index.php?rest_route=\/wp\/v2\/posts\/58264\/revisions\/58265"}],"wp:featuredmedia":[{"embeddable":true,"href":"https:\/\/copades.com\/monec\/index.php?rest_route=\/wp\/v2\/media\/48094"}],"wp:attachment":[{"href":"https:\/\/copades.com\/monec\/index.php?rest_route=%2Fwp%2Fv2%2Fmedia&parent=58264"}],"wp:term":[{"taxonomy":"category","embeddable":true,"href":"https:\/\/copades.com\/monec\/index.php?rest_route=%2Fwp%2Fv2%2Fcategories&post=58264"},{"taxonomy":"post_tag","embeddable":true,"href":"https:\/\/copades.com\/monec\/index.php?rest_route=%2Fwp%2Fv2%2Ftags&post=58264"}],"curies":[{"name":"wp","href":"https:\/\/api.w.org\/{rel}","templated":true}]}}