{"id":58266,"date":"2023-07-14T20:07:54","date_gmt":"2023-07-15T02:07:54","guid":{"rendered":"https:\/\/copades.com\/monec\/?p=58266"},"modified":"2023-07-23T20:09:47","modified_gmt":"2023-07-24T02:09:47","slug":"analista-emfi-espera-mas-recortes-a-la-reserva-de-liquidez-en-el-salvador","status":"publish","type":"post","link":"https:\/\/copades.com\/monec\/?p=58266","title":{"rendered":"Analista EMFI espera m\u00e1s recortes a la reserva de liquidez en El Salvador"},"content":{"rendered":"<p style=\"text-align: justify;\">La firma de an\u00e1lisis EMFI no descarta que el Gobierno de El Salvador realice m\u00e1s recortes al requerimiento de la reserva de liquidez, pese a los resultados que varios indicadores han mostrado durante el primer trimestre del a\u00f1o y pese a que la presi\u00f3n externa ha disminuido. \u00abMantenemos nuestra expectativa de que el Gobierno necesitar\u00e1 m\u00e1s recortes en la tasa de encaje legal si quiere obtener financiamiento adicional de los bancos locales\u00bb, resaltaron los analistas de EMFI en su m\u00e1s reciente informe sobre El Salvador, fechado el 10 de julio. La reserva de liquidez es un \u00abcolch\u00f3n\u00bb de dep\u00f3sitos que se le \u00abcongela\u00bb a los bancos para utilizarlo como garant\u00eda de todos los ahorros de las personas, seg\u00fan explican economistas. A la fecha, este requerimiento ronda el 13.3%, y su pr\u00f3xima revisi\u00f3n por parte del Banco Central de Reserva (BCR) ser\u00e1 en septiembre. Antes de la pandemia, este requerimiento sobrepasaba el 20%. En su reporte, EMFI destaca que el d\u00e9ficit de cuenta corriente del pa\u00eds disminuy\u00f3 un 64% en el primer trimestre de 2023, llegando a $264 millones; un a\u00f1o antes marc\u00f3 $683 millones. Sin embargo, se\u00f1al\u00f3 que las razones detr\u00e1s de esta disminuci\u00f3n no son del todo positivas, pues a mayo las importaciones cayeron un 5.2%, lo que est\u00e1 relacionado con menores importaciones de bienes manufacturados, incluidos los productos intermedios para la industria textil, que representaron el 39% de las exportaciones totales del pa\u00eds en el 2022. Las remesas, por su parte, han mostrado un crecimiento mayor al esperado, y las entradas de Inversi\u00f3n Extranjera Directa (IED) superaron a las salidas en el primer trimestre de 2023, alcanzando los $142 millones, \u00abun cambio significativo si se tiene en cuenta el flujo negativo de $100 millones en 2022\u00bb, apunta EMFI. (eleconomista.net 14.07.23)<\/p>\n","protected":false},"excerpt":{"rendered":"<p>La firma de an\u00e1lisis EMFI no descarta que el Gobierno de El Salvador realice m\u00e1s recortes al requerimiento de la reserva de liquidez, pese a los resultados que varios indicadores han mostrado durante el&#46;&#46;&#46;<\/p>\n","protected":false},"author":1,"featured_media":53711,"comment_status":"open","ping_status":"closed","sticky":false,"template":"","format":"standard","meta":{"footnotes":""},"categories":[54],"tags":[257,117,7925,170],"class_list":["post-58266","post","type-post","status-publish","format-standard","has-post-thumbnail","hentry","category-centroamerica-seleccion","tag-bcr","tag-el-salvador","tag-emfi","tag-ied"],"_links":{"self":[{"href":"https:\/\/copades.com\/monec\/index.php?rest_route=\/wp\/v2\/posts\/58266","targetHints":{"allow":["GET"]}}],"collection":[{"href":"https:\/\/copades.com\/monec\/index.php?rest_route=\/wp\/v2\/posts"}],"about":[{"href":"https:\/\/copades.com\/monec\/index.php?rest_route=\/wp\/v2\/types\/post"}],"author":[{"embeddable":true,"href":"https:\/\/copades.com\/monec\/index.php?rest_route=\/wp\/v2\/users\/1"}],"replies":[{"embeddable":true,"href":"https:\/\/copades.com\/monec\/index.php?rest_route=%2Fwp%2Fv2%2Fcomments&post=58266"}],"version-history":[{"count":1,"href":"https:\/\/copades.com\/monec\/index.php?rest_route=\/wp\/v2\/posts\/58266\/revisions"}],"predecessor-version":[{"id":58267,"href":"https:\/\/copades.com\/monec\/index.php?rest_route=\/wp\/v2\/posts\/58266\/revisions\/58267"}],"wp:featuredmedia":[{"embeddable":true,"href":"https:\/\/copades.com\/monec\/index.php?rest_route=\/wp\/v2\/media\/53711"}],"wp:attachment":[{"href":"https:\/\/copades.com\/monec\/index.php?rest_route=%2Fwp%2Fv2%2Fmedia&parent=58266"}],"wp:term":[{"taxonomy":"category","embeddable":true,"href":"https:\/\/copades.com\/monec\/index.php?rest_route=%2Fwp%2Fv2%2Fcategories&post=58266"},{"taxonomy":"post_tag","embeddable":true,"href":"https:\/\/copades.com\/monec\/index.php?rest_route=%2Fwp%2Fv2%2Ftags&post=58266"}],"curies":[{"name":"wp","href":"https:\/\/api.w.org\/{rel}","templated":true}]}}