{"id":58272,"date":"2023-07-14T20:13:12","date_gmt":"2023-07-15T02:13:12","guid":{"rendered":"https:\/\/copades.com\/monec\/?p=58272"},"modified":"2023-07-23T20:15:02","modified_gmt":"2023-07-24T02:15:02","slug":"acuerdo-entre-ue-y-japon-para-coordinar-su-seguridad-economica-ante-china","status":"publish","type":"post","link":"https:\/\/copades.com\/monec\/?p=58272","title":{"rendered":"Acuerdo entre UE y Jap\u00f3n para coordinar su seguridad econ\u00f3mica ante China"},"content":{"rendered":"<p style=\"text-align: justify;\">La Uni\u00f3n Europea (UE) y Jap\u00f3n acordaron en su cumbre de ayer en Bruselas establecer un di\u00e1logo estrat\u00e9gico para coordinarse ante los desaf\u00edos para la paz y tambi\u00e9n en materia de seguridad econ\u00f3mica, a fin de diversificar las cadenas de suministro de materiales cr\u00edticos que acapara fundamentalmente China. \u201cEstamos dispuestos a acelerar nuestra cooperaci\u00f3n estrat\u00e9gica para reforzar nuestras cadenas de suministro, especialmente en materias primas cr\u00edticas\u201d, se\u00f1al\u00f3 el presidente del Consejo Europeo, Charles Michel, en una rueda de prensa junto a su hom\u00f3loga de la Comisi\u00f3n Europea, <strong>Ursula von der Leyen<\/strong>, y el primer ministro nip\u00f3n, <strong>Fumio Kishida<\/strong>, al t\u00e9rmino del encuentro. Entre los resultados de la vig\u00e9simo novena cumbre entre la UE y Jap\u00f3n, destaca el establecimiento de un di\u00e1logo estrat\u00e9gico a nivel de ministros de Exteriores para \u201cdesarrollar m\u00e1s nuestra asociaci\u00f3n de seguridad\u201d. Von der Leyen indic\u00f3 que, adem\u00e1s de mayor coordinaci\u00f3n ante \u201cdesaf\u00edos sin precedentes\u201d como suponen la guerra rusa en Ucrania o las tensiones en la regi\u00f3n indopac\u00edfica, el di\u00e1logo incluir\u00e1 \u201cpor supuesto, el asunto vital de la seguridad econ\u00f3mica\u201d. La Comisi\u00f3n Europea present\u00f3 recientemente una propuesta para abordar esa cuesti\u00f3n que, seg\u00fan dijo Kishida, \u201cconverge con el pensamiento b\u00e1sico de Jap\u00f3n sobre seguridad econ\u00f3mica\u201d y la necesidad de abordar con pa\u00edses de mentalidad parecida y socios \u201cla resiliencia de las cadenas de suministro e infraestructuras cr\u00edticas\u201d o la \u201crespuesta a la coerci\u00f3n econ\u00f3mica\u201d. (forbescentroamerica.com 14.07.23)<\/p>\n","protected":false},"excerpt":{"rendered":"<p>La Uni\u00f3n Europea (UE) y Jap\u00f3n acordaron en su cumbre de ayer en Bruselas establecer un di\u00e1logo estrat\u00e9gico para coordinarse ante los desaf\u00edos para la paz y tambi\u00e9n en materia de seguridad econ\u00f3mica, a&#46;&#46;&#46;<\/p>\n","protected":false},"author":1,"featured_media":48325,"comment_status":"open","ping_status":"closed","sticky":false,"template":"","format":"standard","meta":{"footnotes":""},"categories":[55],"tags":[60,424,149],"class_list":["post-58272","post","type-post","status-publish","format-standard","has-post-thumbnail","hentry","category-internacionales-seleccion","tag-china","tag-japon","tag-ue"],"_links":{"self":[{"href":"https:\/\/copades.com\/monec\/index.php?rest_route=\/wp\/v2\/posts\/58272","targetHints":{"allow":["GET"]}}],"collection":[{"href":"https:\/\/copades.com\/monec\/index.php?rest_route=\/wp\/v2\/posts"}],"about":[{"href":"https:\/\/copades.com\/monec\/index.php?rest_route=\/wp\/v2\/types\/post"}],"author":[{"embeddable":true,"href":"https:\/\/copades.com\/monec\/index.php?rest_route=\/wp\/v2\/users\/1"}],"replies":[{"embeddable":true,"href":"https:\/\/copades.com\/monec\/index.php?rest_route=%2Fwp%2Fv2%2Fcomments&post=58272"}],"version-history":[{"count":1,"href":"https:\/\/copades.com\/monec\/index.php?rest_route=\/wp\/v2\/posts\/58272\/revisions"}],"predecessor-version":[{"id":58273,"href":"https:\/\/copades.com\/monec\/index.php?rest_route=\/wp\/v2\/posts\/58272\/revisions\/58273"}],"wp:featuredmedia":[{"embeddable":true,"href":"https:\/\/copades.com\/monec\/index.php?rest_route=\/wp\/v2\/media\/48325"}],"wp:attachment":[{"href":"https:\/\/copades.com\/monec\/index.php?rest_route=%2Fwp%2Fv2%2Fmedia&parent=58272"}],"wp:term":[{"taxonomy":"category","embeddable":true,"href":"https:\/\/copades.com\/monec\/index.php?rest_route=%2Fwp%2Fv2%2Fcategories&post=58272"},{"taxonomy":"post_tag","embeddable":true,"href":"https:\/\/copades.com\/monec\/index.php?rest_route=%2Fwp%2Fv2%2Ftags&post=58272"}],"curies":[{"name":"wp","href":"https:\/\/api.w.org\/{rel}","templated":true}]}}