{"id":58304,"date":"2023-07-25T12:44:27","date_gmt":"2023-07-25T18:44:27","guid":{"rendered":"https:\/\/copades.com\/monec\/?p=58304"},"modified":"2023-07-25T12:44:27","modified_gmt":"2023-07-25T18:44:27","slug":"el-fmi-cree-que-aun-no-es-momento-de-que-la-fed-y-el-bce-relajen-la-politica-monetaria","status":"publish","type":"post","link":"https:\/\/copades.com\/monec\/?p=58304","title":{"rendered":"El FMI cree que a\u00fan \u00abno es momento\u00bb de que la Fed y el BCE relajen la pol\u00edtica monetaria"},"content":{"rendered":"<p style=\"text-align: justify;\">El Fondo Monetario Internacional (FMI) cree que \u00abno es momento\u00bb para que la Reserva Federal de Estados Unidos (Fed) y el Banco Central Europeo (BCE) empiecen a relajar su pol\u00edtica monetaria, porque la inflaci\u00f3n est\u00e1 a\u00fan lejos de los objetivos del 2 %. As\u00ed lo apunt\u00f3 en una entrevista con EFE el director de Investigaci\u00f3n del FMI, <strong>Pierr-Olivier Gourinchas<\/strong>, con motivo de la publicaci\u00f3n de las perspectivas econ\u00f3micas mundiales de este organismo. \u00abEl gran problema sigue siendo la inflaci\u00f3n, que aunque vaya en la buena direcci\u00f3n sigue muy lejos de los objetivos de los bancos centrales que est\u00e1n en el 2 %\u00bb, dijo Gourinchas, quien record\u00f3 que la inflaci\u00f3n subyacente -la que no incluye ni energ\u00eda ni alimentos- sigue estando m\u00e1s elevada de lo esperado. Por eso subray\u00f3 que los bancos centrales \u00abdeben seguir vigilantes\u00bb y sentenci\u00f3: \u00abNo es momento de empezar a relajar la pol\u00edtica monetaria\u00bb. Aclar\u00f3 que eso no significa que tenga que haber fuertes subidas de los tipos de inter\u00e9s como las vistas en el \u00faltimo a\u00f1o, y consider\u00f3 adecuadas subidas \u00abm\u00e1s modestas\u00bb. Eso s\u00ed, siempre que no vuelvan las malas noticias y la inflaci\u00f3n repunte. El responsable de Investigaci\u00f3n del FMI admiti\u00f3 en cualquier caso que los tipos de inter\u00e9s deben permanecer \u00abaltos\u00bb un tiempo, \u00abcomprimiendo la actividad algo, aunque esperemos que no demasiado\u00bb, porque el objetivo no es da\u00f1ar a la econom\u00eda sino devolver a la inflaci\u00f3n a la senda del objetivo del 2 %. Las declaraciones de Gourinchas llegan un d\u00eda antes de que la Fed decida sobre los tipos de inter\u00e9s en Estados Unidos y dos d\u00edas antes de que lo haga el BCE. (eleconomista.net 25.07.23)<\/p>\n","protected":false},"excerpt":{"rendered":"<p>El Fondo Monetario Internacional (FMI) cree que \u00abno es momento\u00bb para que la Reserva Federal de Estados Unidos (Fed) y el Banco Central Europeo (BCE) empiecen a relajar su pol\u00edtica monetaria, porque la inflaci\u00f3n&#46;&#46;&#46;<\/p>\n","protected":false},"author":1,"featured_media":48168,"comment_status":"open","ping_status":"closed","sticky":false,"template":"","format":"standard","meta":{"footnotes":""},"categories":[55],"tags":[619,98],"class_list":["post-58304","post","type-post","status-publish","format-standard","has-post-thumbnail","hentry","category-internacionales-seleccion","tag-bce","tag-fmi"],"_links":{"self":[{"href":"https:\/\/copades.com\/monec\/index.php?rest_route=\/wp\/v2\/posts\/58304","targetHints":{"allow":["GET"]}}],"collection":[{"href":"https:\/\/copades.com\/monec\/index.php?rest_route=\/wp\/v2\/posts"}],"about":[{"href":"https:\/\/copades.com\/monec\/index.php?rest_route=\/wp\/v2\/types\/post"}],"author":[{"embeddable":true,"href":"https:\/\/copades.com\/monec\/index.php?rest_route=\/wp\/v2\/users\/1"}],"replies":[{"embeddable":true,"href":"https:\/\/copades.com\/monec\/index.php?rest_route=%2Fwp%2Fv2%2Fcomments&post=58304"}],"version-history":[{"count":1,"href":"https:\/\/copades.com\/monec\/index.php?rest_route=\/wp\/v2\/posts\/58304\/revisions"}],"predecessor-version":[{"id":58305,"href":"https:\/\/copades.com\/monec\/index.php?rest_route=\/wp\/v2\/posts\/58304\/revisions\/58305"}],"wp:featuredmedia":[{"embeddable":true,"href":"https:\/\/copades.com\/monec\/index.php?rest_route=\/wp\/v2\/media\/48168"}],"wp:attachment":[{"href":"https:\/\/copades.com\/monec\/index.php?rest_route=%2Fwp%2Fv2%2Fmedia&parent=58304"}],"wp:term":[{"taxonomy":"category","embeddable":true,"href":"https:\/\/copades.com\/monec\/index.php?rest_route=%2Fwp%2Fv2%2Fcategories&post=58304"},{"taxonomy":"post_tag","embeddable":true,"href":"https:\/\/copades.com\/monec\/index.php?rest_route=%2Fwp%2Fv2%2Ftags&post=58304"}],"curies":[{"name":"wp","href":"https:\/\/api.w.org\/{rel}","templated":true}]}}