{"id":58309,"date":"2023-07-25T12:47:35","date_gmt":"2023-07-25T18:47:35","guid":{"rendered":"https:\/\/copades.com\/monec\/?p=58309"},"modified":"2023-07-25T12:47:35","modified_gmt":"2023-07-25T18:47:35","slug":"la-comision-europea-busca-con-america-acuerdos-de-proteccion-del-consumidor-digital","status":"publish","type":"post","link":"https:\/\/copades.com\/monec\/?p=58309","title":{"rendered":"La Comisi\u00f3n Europea busca con Am\u00e9rica acuerdos de protecci\u00f3n del consumidor digital"},"content":{"rendered":"<p style=\"text-align: justify;\">El comisario europeo de Justicia, <strong>Didier Reynders<\/strong>, se\u00f1al\u00f3 este lunes que la Comisi\u00f3n Europea (CE) busca acuerdos con Estados Unidos y Am\u00e9rica Latina para proteger a los consumidores ante las empresas digitales multinacionales. Reynders presidi\u00f3 en la ciudad espa\u00f1ola de Bilbao la reuni\u00f3n semestral informal de los ministros y responsables de consumo de los 27 pa\u00edses de la Uni\u00f3n Europea (UE). El comisario asegur\u00f3 que ya se est\u00e1n produciendo avances en la \u00abcooperaci\u00f3n intelectual\u00bb con Estados Unidos y Latinoam\u00e9rica porque \u00abtodos tenemos los mismos retos y riesgos\u00bb y los \u00abdiferentes actores digitales no tienen fronteras\u00bb, por lo que hay que actuar coordinadamente. Reynders subray\u00f3 que los consumidores, especialmente los de productos financieros, tienen que tener la misma protecci\u00f3n cuando act\u00faan en internet que cuando lo hacen &#8216;offline&#8217;. En la reuni\u00f3n, los ministros y responsables hicieron una evaluaci\u00f3n del funcionamiento de la Nueva Agenda del Consumidor 2020-2025 y debatieron sobre el fomento del consumo sostenible. Reynders manifest\u00f3 que el llamado Pacto Verde Europeo ya est\u00e1 asumido por la ciudadan\u00eda y los agentes econ\u00f3micos, y ahora toca demostrar que una econom\u00eda sostenible es la \u00abv\u00eda\u00bb para la competitividad de las empresas de la Uni\u00f3n. (eleconomista.net 25.07.23)<\/p>\n","protected":false},"excerpt":{"rendered":"<p>El comisario europeo de Justicia, Didier Reynders, se\u00f1al\u00f3 este lunes que la Comisi\u00f3n Europea (CE) busca acuerdos con Estados Unidos y Am\u00e9rica Latina para proteger a los consumidores ante las empresas digitales multinacionales. Reynders&#46;&#46;&#46;<\/p>\n","protected":false},"author":1,"featured_media":58310,"comment_status":"open","ping_status":"closed","sticky":false,"template":"","format":"standard","meta":{"footnotes":""},"categories":[55],"tags":[265],"class_list":["post-58309","post","type-post","status-publish","format-standard","has-post-thumbnail","hentry","category-internacionales-seleccion","tag-ce"],"_links":{"self":[{"href":"https:\/\/copades.com\/monec\/index.php?rest_route=\/wp\/v2\/posts\/58309","targetHints":{"allow":["GET"]}}],"collection":[{"href":"https:\/\/copades.com\/monec\/index.php?rest_route=\/wp\/v2\/posts"}],"about":[{"href":"https:\/\/copades.com\/monec\/index.php?rest_route=\/wp\/v2\/types\/post"}],"author":[{"embeddable":true,"href":"https:\/\/copades.com\/monec\/index.php?rest_route=\/wp\/v2\/users\/1"}],"replies":[{"embeddable":true,"href":"https:\/\/copades.com\/monec\/index.php?rest_route=%2Fwp%2Fv2%2Fcomments&post=58309"}],"version-history":[{"count":1,"href":"https:\/\/copades.com\/monec\/index.php?rest_route=\/wp\/v2\/posts\/58309\/revisions"}],"predecessor-version":[{"id":58311,"href":"https:\/\/copades.com\/monec\/index.php?rest_route=\/wp\/v2\/posts\/58309\/revisions\/58311"}],"wp:featuredmedia":[{"embeddable":true,"href":"https:\/\/copades.com\/monec\/index.php?rest_route=\/wp\/v2\/media\/58310"}],"wp:attachment":[{"href":"https:\/\/copades.com\/monec\/index.php?rest_route=%2Fwp%2Fv2%2Fmedia&parent=58309"}],"wp:term":[{"taxonomy":"category","embeddable":true,"href":"https:\/\/copades.com\/monec\/index.php?rest_route=%2Fwp%2Fv2%2Fcategories&post=58309"},{"taxonomy":"post_tag","embeddable":true,"href":"https:\/\/copades.com\/monec\/index.php?rest_route=%2Fwp%2Fv2%2Ftags&post=58309"}],"curies":[{"name":"wp","href":"https:\/\/api.w.org\/{rel}","templated":true}]}}