{"id":58320,"date":"2023-07-26T13:15:02","date_gmt":"2023-07-26T19:15:02","guid":{"rendered":"https:\/\/copades.com\/monec\/?p=58320"},"modified":"2023-07-26T13:15:02","modified_gmt":"2023-07-26T19:15:02","slug":"agro-espera-danos-por-el-nino","status":"publish","type":"post","link":"https:\/\/copades.com\/monec\/?p=58320","title":{"rendered":"Agro espera da\u00f1os por El Ni\u00f1o"},"content":{"rendered":"<p style=\"text-align: justify;\">De acuerdo con una encuesta llevada a cabo por el Instituto Privado de Investigaci\u00f3n sobre Cambio Clim\u00e1tico, (ICC) a solicitud de la C\u00e1mara del Agro (Camagro) la mayor\u00eda de productores agr\u00edcolas del pa\u00eds espera un impacto negativo del fen\u00f3meno de El Ni\u00f1o este a\u00f1o, en los cultivos y cosechas de caf\u00e9, ma\u00edz y frijol, hule, palma de aceite, ca\u00f1a de az\u00facar, banano, vegetales y frutas, as\u00ed como en los sectores ganadero, forestal y av\u00edcola. Entre los perjuicios principales, se identifican al menos cinco: Disminuci\u00f3n de la producci\u00f3n por hect\u00e1rea: el 42% de consultados cree que podr\u00eda ser de 10% a 25%; el 31% estima una reducci\u00f3n de 30% a 50%; y el 8%, entre 60% y 90%. Reducci\u00f3n de la productividad por hect\u00e1rea: el 26% cree que ser\u00e1 de 10% a 15%; el 18%, que disminuir\u00e1 entre 20% y 25%; el 14% cree que bajar\u00e1 en 30%; y el 16% considera que se reducir\u00e1 50%. Incremento de costos por hect\u00e1rea: el 38% de productores estima un alza de 10% a 20%; el 17% cree que ser\u00e1 de 25% a 35%; el 21% estima un aumento de 40% a 50%. Menos ingresos por hect\u00e1rea: el 32% estima una baja de 10% a 25%; el 23% prev\u00e9 que la reducci\u00f3n ser\u00e1 de 30% a 40%; y el 22% calcula una disminuci\u00f3n de 50%. Impacto en el empleo: Se refiere al n\u00famero de trabajadores que dejaran de ser contratados y el 34% respondi\u00f3 que dejar\u00e1n de contratar entre 5 y 10 trabajadores; el 21%, entre 20 y 30; y el 10%, entre 40 y 50 trabajadores. Sin embargo, en este tema el 22% indic\u00f3 que no habr\u00e1 efectos. Los productores son de diversas \u00e1reas de 15 departamentos como Huehuetenango, Alta Verapaz, Pet\u00e9n, Santa Rosa, Chimaltenango, Escuintla, Sacatep\u00e9quez, Jutiapa, Suchitep\u00e9quez, Izabal, Zacapa, Baja Verapaz, El Progreso, Chiquimula y San Marcos, se agreg\u00f3. (Prensa Libre 26.07.23)<\/p>\n","protected":false},"excerpt":{"rendered":"<p>De acuerdo con una encuesta llevada a cabo por el Instituto Privado de Investigaci\u00f3n sobre Cambio Clim\u00e1tico, (ICC) a solicitud de la C\u00e1mara del Agro (Camagro) la mayor\u00eda de productores agr\u00edcolas del pa\u00eds espera&#46;&#46;&#46;<\/p>\n","protected":false},"author":1,"featured_media":58321,"comment_status":"open","ping_status":"closed","sticky":false,"template":"","format":"standard","meta":{"footnotes":""},"categories":[10],"tags":[],"class_list":["post-58320","post","type-post","status-publish","format-standard","has-post-thumbnail","hentry","category-agricultura"],"_links":{"self":[{"href":"https:\/\/copades.com\/monec\/index.php?rest_route=\/wp\/v2\/posts\/58320","targetHints":{"allow":["GET"]}}],"collection":[{"href":"https:\/\/copades.com\/monec\/index.php?rest_route=\/wp\/v2\/posts"}],"about":[{"href":"https:\/\/copades.com\/monec\/index.php?rest_route=\/wp\/v2\/types\/post"}],"author":[{"embeddable":true,"href":"https:\/\/copades.com\/monec\/index.php?rest_route=\/wp\/v2\/users\/1"}],"replies":[{"embeddable":true,"href":"https:\/\/copades.com\/monec\/index.php?rest_route=%2Fwp%2Fv2%2Fcomments&post=58320"}],"version-history":[{"count":1,"href":"https:\/\/copades.com\/monec\/index.php?rest_route=\/wp\/v2\/posts\/58320\/revisions"}],"predecessor-version":[{"id":58322,"href":"https:\/\/copades.com\/monec\/index.php?rest_route=\/wp\/v2\/posts\/58320\/revisions\/58322"}],"wp:featuredmedia":[{"embeddable":true,"href":"https:\/\/copades.com\/monec\/index.php?rest_route=\/wp\/v2\/media\/58321"}],"wp:attachment":[{"href":"https:\/\/copades.com\/monec\/index.php?rest_route=%2Fwp%2Fv2%2Fmedia&parent=58320"}],"wp:term":[{"taxonomy":"category","embeddable":true,"href":"https:\/\/copades.com\/monec\/index.php?rest_route=%2Fwp%2Fv2%2Fcategories&post=58320"},{"taxonomy":"post_tag","embeddable":true,"href":"https:\/\/copades.com\/monec\/index.php?rest_route=%2Fwp%2Fv2%2Ftags&post=58320"}],"curies":[{"name":"wp","href":"https:\/\/api.w.org\/{rel}","templated":true}]}}