{"id":58344,"date":"2023-07-27T12:11:06","date_gmt":"2023-07-27T18:11:06","guid":{"rendered":"https:\/\/copades.com\/monec\/?p=58344"},"modified":"2023-07-27T12:11:06","modified_gmt":"2023-07-27T18:11:06","slug":"analizan-iniciativas-para-mejorar-el-sector-agropecuario","status":"publish","type":"post","link":"https:\/\/copades.com\/monec\/?p=58344","title":{"rendered":"Analizan iniciativas para mejorar el sector agropecuario"},"content":{"rendered":"<p style=\"text-align: justify;\">Con el fin de continuar la articulaci\u00f3n de esfuerzos para atender problemas como la inseguridad alimentaria y el desarrollo en el campo, el Consejo Agropecuario Centroamericano (CAC), integrado por los ministros de Agricultura de la regi\u00f3n, se reuni\u00f3 en El Salvador. En este marco fue celebrado el di\u00e1logo Mano de la mano, construyendo resiliencia en el Corredor Seco y zonas \u00e1ridas de las naciones que integran el Sistema de Integraci\u00f3n Centroamericano (Sica). En el encuentro particip\u00f3 el titular de la cartera respectiva de Guatemala, Edgar De Le\u00f3n. El encuentro busc\u00f3, a trav\u00e9s de la consolidaci\u00f3n de alianzas, inversiones y cooperaci\u00f3n, fomentar la solidaridad entre los pa\u00edses para ayudar a la erradicaci\u00f3n de la pobreza y el hambre, indic\u00f3 el CAC en su p\u00e1gina web. Es por ello que, con la institucionalidad del Sica y la asistencia t\u00e9cnica de la Organizaci\u00f3n de las Naciones Unidas para la Agricultura y la Alimentaci\u00f3n (FAO), se ha preparado una propuesta, la cual incluye el mapeo digital de suelos y la zonificaci\u00f3n agr\u00edcola del riesgo clim\u00e1tico. Adem\u00e1s, se promueven sistemas integrales de agua segura y generaci\u00f3n de ecosistemas digitales para el acceso a mercados de las micro, peque\u00f1as y medianas empresas rurales. Seg\u00fan la informaci\u00f3n, el Corredor Seco ocupa el 35 por ciento de los 52 millones de hect\u00e1reas de Centroam\u00e9rica y afecta la producci\u00f3n de cultivos y, en t\u00e9rminos econ\u00f3micos y ambientales, a las poblaciones que viven en esas \u00e1reas. (Diario de Centro Am\u00e9rica 27.07.23)<\/p>\n","protected":false},"excerpt":{"rendered":"<p>Con el fin de continuar la articulaci\u00f3n de esfuerzos para atender problemas como la inseguridad alimentaria y el desarrollo en el campo, el Consejo Agropecuario Centroamericano (CAC), integrado por los ministros de Agricultura de&#46;&#46;&#46;<\/p>\n","protected":false},"author":1,"featured_media":58345,"comment_status":"open","ping_status":"closed","sticky":false,"template":"","format":"standard","meta":{"footnotes":""},"categories":[10],"tags":[82,273],"class_list":["post-58344","post","type-post","status-publish","format-standard","has-post-thumbnail","hentry","category-agricultura","tag-fao","tag-sica"],"_links":{"self":[{"href":"https:\/\/copades.com\/monec\/index.php?rest_route=\/wp\/v2\/posts\/58344","targetHints":{"allow":["GET"]}}],"collection":[{"href":"https:\/\/copades.com\/monec\/index.php?rest_route=\/wp\/v2\/posts"}],"about":[{"href":"https:\/\/copades.com\/monec\/index.php?rest_route=\/wp\/v2\/types\/post"}],"author":[{"embeddable":true,"href":"https:\/\/copades.com\/monec\/index.php?rest_route=\/wp\/v2\/users\/1"}],"replies":[{"embeddable":true,"href":"https:\/\/copades.com\/monec\/index.php?rest_route=%2Fwp%2Fv2%2Fcomments&post=58344"}],"version-history":[{"count":1,"href":"https:\/\/copades.com\/monec\/index.php?rest_route=\/wp\/v2\/posts\/58344\/revisions"}],"predecessor-version":[{"id":58346,"href":"https:\/\/copades.com\/monec\/index.php?rest_route=\/wp\/v2\/posts\/58344\/revisions\/58346"}],"wp:featuredmedia":[{"embeddable":true,"href":"https:\/\/copades.com\/monec\/index.php?rest_route=\/wp\/v2\/media\/58345"}],"wp:attachment":[{"href":"https:\/\/copades.com\/monec\/index.php?rest_route=%2Fwp%2Fv2%2Fmedia&parent=58344"}],"wp:term":[{"taxonomy":"category","embeddable":true,"href":"https:\/\/copades.com\/monec\/index.php?rest_route=%2Fwp%2Fv2%2Fcategories&post=58344"},{"taxonomy":"post_tag","embeddable":true,"href":"https:\/\/copades.com\/monec\/index.php?rest_route=%2Fwp%2Fv2%2Ftags&post=58344"}],"curies":[{"name":"wp","href":"https:\/\/api.w.org\/{rel}","templated":true}]}}