{"id":58373,"date":"2023-07-27T12:47:53","date_gmt":"2023-07-27T18:47:53","guid":{"rendered":"https:\/\/copades.com\/monec\/?p=58373"},"modified":"2023-07-27T12:47:53","modified_gmt":"2023-07-27T18:47:53","slug":"el-bce-sube-sus-tipos-de-interes-hasta-el-4-25-pero-no-dice-que-hara-en-septiembre","status":"publish","type":"post","link":"https:\/\/copades.com\/monec\/?p=58373","title":{"rendered":"El BCE sube sus tipos de inter\u00e9s hasta el 4.25 % pero no dice qu\u00e9 har\u00e1 en septiembre"},"content":{"rendered":"<p style=\"text-align: justify;\">El Banco Central Europeo (BCE) subi\u00f3 este jueves sus tipos de inter\u00e9s en un cuarto de punto porcentual, hasta el 4.25 %, pero no dice qu\u00e9 har\u00e1 en septiembre. La presidenta del Banco Central Europeo (BCE), <strong>Christine Lagarde<\/strong>, dijo en rueda de prensa que el Consejo de Gobierno decidi\u00f3 subir los tipos de inter\u00e9s por unanimidad para llevar la inflaci\u00f3n hasta el objetivo del 2 % a medio plazo y que las pr\u00f3ximas decisiones sobre las tasas depender\u00e1n de los datos econ\u00f3micos. El BCE decidi\u00f3 subir sus tipos de inter\u00e9s, por novena vez consecutiva en un a\u00f1o, en un cuarto de punto porcentual, hasta el 4.25 %, porque la inflaci\u00f3n sigue demasiado elevada, y se deja opciones abiertas para la reuni\u00f3n de septiembre. El BCE podr\u00eda incrementar el precio del dinero en septiembre, pero tambi\u00e9n podr\u00eda decidir mantenerlo. Desde que el BCE comenz\u00f3 a subir sus tasas de inter\u00e9s en julio del a\u00f1o pasado, cuando estaban al 0 %, Lagarde hab\u00eda afirmado en las ruedas de prensa que todav\u00eda ten\u00edan camino que recorrer, pero hoy ha dicho expl\u00edcitamente que ya no es as\u00ed y que las decisiones en las pr\u00f3ximas reuniones depender\u00e1n de los datos econ\u00f3micos. Lagarde tambi\u00e9n se\u00f1al\u00f3 que en caso de realizar una pausa en las subidas en septiembre, no ser\u00eda necesariamente por un tiempo prolongado, por lo que podr\u00edan volver a subirlos en otra reuni\u00f3n posterior este a\u00f1o. La presidenta del BCE tambi\u00e9n enfatiz\u00f3 que s\u00ed que puede decir que no van a bajar los tipos de inter\u00e9s. Las decisiones futuras del Consejo de Gobierno asegurar\u00e1n que los tipos de inter\u00e9s se fijen en niveles suficientemente restrictivos durante el tiempo necesario para lograr que la inflaci\u00f3n vuelva a situarse pronto en el objetivo del 2 % a medio plazo. (eleconomista.net 27.07.23)<\/p>\n","protected":false},"excerpt":{"rendered":"<p>El Banco Central Europeo (BCE) subi\u00f3 este jueves sus tipos de inter\u00e9s en un cuarto de punto porcentual, hasta el 4.25 %, pero no dice qu\u00e9 har\u00e1 en septiembre. La presidenta del Banco Central&#46;&#46;&#46;<\/p>\n","protected":false},"author":1,"featured_media":58374,"comment_status":"open","ping_status":"closed","sticky":false,"template":"","format":"standard","meta":{"footnotes":""},"categories":[55],"tags":[619],"class_list":["post-58373","post","type-post","status-publish","format-standard","has-post-thumbnail","hentry","category-internacionales-seleccion","tag-bce"],"_links":{"self":[{"href":"https:\/\/copades.com\/monec\/index.php?rest_route=\/wp\/v2\/posts\/58373","targetHints":{"allow":["GET"]}}],"collection":[{"href":"https:\/\/copades.com\/monec\/index.php?rest_route=\/wp\/v2\/posts"}],"about":[{"href":"https:\/\/copades.com\/monec\/index.php?rest_route=\/wp\/v2\/types\/post"}],"author":[{"embeddable":true,"href":"https:\/\/copades.com\/monec\/index.php?rest_route=\/wp\/v2\/users\/1"}],"replies":[{"embeddable":true,"href":"https:\/\/copades.com\/monec\/index.php?rest_route=%2Fwp%2Fv2%2Fcomments&post=58373"}],"version-history":[{"count":1,"href":"https:\/\/copades.com\/monec\/index.php?rest_route=\/wp\/v2\/posts\/58373\/revisions"}],"predecessor-version":[{"id":58375,"href":"https:\/\/copades.com\/monec\/index.php?rest_route=\/wp\/v2\/posts\/58373\/revisions\/58375"}],"wp:featuredmedia":[{"embeddable":true,"href":"https:\/\/copades.com\/monec\/index.php?rest_route=\/wp\/v2\/media\/58374"}],"wp:attachment":[{"href":"https:\/\/copades.com\/monec\/index.php?rest_route=%2Fwp%2Fv2%2Fmedia&parent=58373"}],"wp:term":[{"taxonomy":"category","embeddable":true,"href":"https:\/\/copades.com\/monec\/index.php?rest_route=%2Fwp%2Fv2%2Fcategories&post=58373"},{"taxonomy":"post_tag","embeddable":true,"href":"https:\/\/copades.com\/monec\/index.php?rest_route=%2Fwp%2Fv2%2Ftags&post=58373"}],"curies":[{"name":"wp","href":"https:\/\/api.w.org\/{rel}","templated":true}]}}