{"id":58691,"date":"2023-08-18T12:14:48","date_gmt":"2023-08-18T18:14:48","guid":{"rendered":"https:\/\/copades.com\/monec\/?p=58691"},"modified":"2023-08-18T12:14:48","modified_gmt":"2023-08-18T18:14:48","slug":"efectuaran-segunda-subasta-de-frecuencias","status":"publish","type":"post","link":"https:\/\/copades.com\/monec\/?p=58691","title":{"rendered":"Efectuar\u00e1n segunda subasta de frecuencias"},"content":{"rendered":"<p style=\"text-align: justify;\">Por segunda ocasi\u00f3n en el a\u00f1o, la Superintendencia de Telecomunicaciones (SIT) realiz\u00f3 una convocatoria para llevar a cabo una subasta de frecuencias radioel\u00e9ctricas para la implementaci\u00f3n de la tecnolog\u00eda 5G. Se trata de seis bloques de 10 Megahertz (MHz) cada uno para un total de 60 MHz en la banda 700 MHz, seg\u00fan la informaci\u00f3n proporcionada por la SIT, entidad adscrita al Ministerio de Comunicaciones, Infraestructura y Vivienda (CIV), y las concesiones tendr\u00e1n una duraci\u00f3n de 20 a\u00f1os. En los seis bloques se identifica el rango de frecuencia 718-728 (A), 728-738 (B), 738-748 (C), as\u00ed como el bloque 773-783 (A\u00b4), 783-793 (B\u00b4) y 793-803 (C\u00b4) con cobertura nacional y todos est\u00e1n destinados a servicios m\u00f3viles. Por m\u00faltiples razones e incidentes legales, la subasta de frecuencia 700 MHz estuvo paralizada por m\u00e1s de una d\u00e9cada, y fue hasta el 2022 cuando se reactiv\u00f3 el proceso de subasta para la implementaci\u00f3n de la tecnolog\u00eda indicada. <strong>Marco Antonio Baten Ruiz<\/strong>, jefe de la SIT, dio a conocer que las empresas Telecomunicaciones de Guatemala, Comunicaciones Celulares y Navega.com, hab\u00edan presentado inter\u00e9s en participar en la subasta de frecuencias anteriormente y que estaban en disponibilidad, pero ser\u00e1 a partir del 16 al 22 de agosto cuando se realizar\u00e1 la venta del manual de subastas de esa instituci\u00f3n, el que expone las condiciones para las compa\u00f1\u00edas interesadas en participar, que es uno de los requisitos obligatorios. Del 28 de agosto al 1 de septiembre, se realizar\u00e1 la inscripci\u00f3n de las empresas que participaran en la subasta prevista para el 12 de septiembre en la sede de la referida instituci\u00f3n, seg\u00fan la publicaci\u00f3n. \u201cEstamos dando la fecha de la subasta que se est\u00e1 realizando en las pr\u00f3ximas semanas, y es la segunda subasta de frecuencias radioel\u00e9ctricas porque ya se realiz\u00f3 la 2.5 y la 2.6 MHz, y en este caso es para la banda 700 MHz\u201d, apunt\u00f3 el funcionario. (Prensa Libre 18.08.23)<\/p>\n","protected":false},"excerpt":{"rendered":"<p>Por segunda ocasi\u00f3n en el a\u00f1o, la Superintendencia de Telecomunicaciones (SIT) realiz\u00f3 una convocatoria para llevar a cabo una subasta de frecuencias radioel\u00e9ctricas para la implementaci\u00f3n de la tecnolog\u00eda 5G. Se trata de seis&#46;&#46;&#46;<\/p>\n","protected":false},"author":1,"featured_media":58692,"comment_status":"open","ping_status":"closed","sticky":false,"template":"","format":"standard","meta":{"footnotes":""},"categories":[21],"tags":[],"class_list":["post-58691","post","type-post","status-publish","format-standard","has-post-thumbnail","hentry","category-telecomunicaciones"],"_links":{"self":[{"href":"https:\/\/copades.com\/monec\/index.php?rest_route=\/wp\/v2\/posts\/58691","targetHints":{"allow":["GET"]}}],"collection":[{"href":"https:\/\/copades.com\/monec\/index.php?rest_route=\/wp\/v2\/posts"}],"about":[{"href":"https:\/\/copades.com\/monec\/index.php?rest_route=\/wp\/v2\/types\/post"}],"author":[{"embeddable":true,"href":"https:\/\/copades.com\/monec\/index.php?rest_route=\/wp\/v2\/users\/1"}],"replies":[{"embeddable":true,"href":"https:\/\/copades.com\/monec\/index.php?rest_route=%2Fwp%2Fv2%2Fcomments&post=58691"}],"version-history":[{"count":1,"href":"https:\/\/copades.com\/monec\/index.php?rest_route=\/wp\/v2\/posts\/58691\/revisions"}],"predecessor-version":[{"id":58693,"href":"https:\/\/copades.com\/monec\/index.php?rest_route=\/wp\/v2\/posts\/58691\/revisions\/58693"}],"wp:featuredmedia":[{"embeddable":true,"href":"https:\/\/copades.com\/monec\/index.php?rest_route=\/wp\/v2\/media\/58692"}],"wp:attachment":[{"href":"https:\/\/copades.com\/monec\/index.php?rest_route=%2Fwp%2Fv2%2Fmedia&parent=58691"}],"wp:term":[{"taxonomy":"category","embeddable":true,"href":"https:\/\/copades.com\/monec\/index.php?rest_route=%2Fwp%2Fv2%2Fcategories&post=58691"},{"taxonomy":"post_tag","embeddable":true,"href":"https:\/\/copades.com\/monec\/index.php?rest_route=%2Fwp%2Fv2%2Ftags&post=58691"}],"curies":[{"name":"wp","href":"https:\/\/api.w.org\/{rel}","templated":true}]}}