{"id":58725,"date":"2023-08-22T15:16:27","date_gmt":"2023-08-22T21:16:27","guid":{"rendered":"https:\/\/copades.com\/monec\/?p=58725"},"modified":"2023-08-23T15:17:50","modified_gmt":"2023-08-23T21:17:50","slug":"el-indice-de-actividad-economica-de-honduras-crecio-2-9-en-el-primer-semestre-de-2023","status":"publish","type":"post","link":"https:\/\/copades.com\/monec\/?p=58725","title":{"rendered":"El \u00cdndice de Actividad Econ\u00f3mica de Honduras creci\u00f3 2.9 % en el primer semestre de 2023"},"content":{"rendered":"<p style=\"text-align: justify;\">El \u00cdndice Mensual de Actividad Econ\u00f3mica (IMAE) de Honduras creci\u00f3 2.9 % en el primer semestre de 2023, a pesar de la desaceleraci\u00f3n econ\u00f3mica mundial, la incertidumbre y la baja demanda externa de sus principales socios, inform\u00f3 este lunes el Banco Central del pa\u00eds (BCH). La variaci\u00f3n interanual en la serie original del IMAE, un indicador que mide los principales sectores de la actividad econ\u00f3mica de un pa\u00eds y es utilizado para la toma de decisiones de inversi\u00f3n, fue de 4.8 %, indic\u00f3 el BCH en un informe. \u201cEl comportamiento de la econom\u00eda nacional presenta un crecimiento acumulado de 2.9 % al primer semestre de 2023 y 4.8 % de forma interanual, mejorando el desempe\u00f1o respecto a los primeros meses del a\u00f1o, manteniendo la resiliencia a pesar de la desaceleraci\u00f3n econ\u00f3mica a nivel internacional, persistente incertidumbre y baja demanda externa de los principales socios comerciales\u201d, explic\u00f3 el emisor del Estado. La actividad econ\u00f3mica interanual mostr\u00f3 una \u201cmejora en las ventas de comercio y demanda de servicios de telecomunicaciones, que a su vez se asocia a mayor producci\u00f3n de electricidad\u201d, a\u00f1adi\u00f3. (eleconomista.net 22.08.23)<\/p>\n","protected":false},"excerpt":{"rendered":"<p>El \u00cdndice Mensual de Actividad Econ\u00f3mica (IMAE) de Honduras creci\u00f3 2.9 % en el primer semestre de 2023, a pesar de la desaceleraci\u00f3n econ\u00f3mica mundial, la incertidumbre y la baja demanda externa de sus&#46;&#46;&#46;<\/p>\n","protected":false},"author":1,"featured_media":55867,"comment_status":"open","ping_status":"closed","sticky":false,"template":"","format":"standard","meta":{"footnotes":""},"categories":[54],"tags":[],"class_list":["post-58725","post","type-post","status-publish","format-standard","has-post-thumbnail","hentry","category-centroamerica-seleccion"],"_links":{"self":[{"href":"https:\/\/copades.com\/monec\/index.php?rest_route=\/wp\/v2\/posts\/58725","targetHints":{"allow":["GET"]}}],"collection":[{"href":"https:\/\/copades.com\/monec\/index.php?rest_route=\/wp\/v2\/posts"}],"about":[{"href":"https:\/\/copades.com\/monec\/index.php?rest_route=\/wp\/v2\/types\/post"}],"author":[{"embeddable":true,"href":"https:\/\/copades.com\/monec\/index.php?rest_route=\/wp\/v2\/users\/1"}],"replies":[{"embeddable":true,"href":"https:\/\/copades.com\/monec\/index.php?rest_route=%2Fwp%2Fv2%2Fcomments&post=58725"}],"version-history":[{"count":1,"href":"https:\/\/copades.com\/monec\/index.php?rest_route=\/wp\/v2\/posts\/58725\/revisions"}],"predecessor-version":[{"id":58726,"href":"https:\/\/copades.com\/monec\/index.php?rest_route=\/wp\/v2\/posts\/58725\/revisions\/58726"}],"wp:featuredmedia":[{"embeddable":true,"href":"https:\/\/copades.com\/monec\/index.php?rest_route=\/wp\/v2\/media\/55867"}],"wp:attachment":[{"href":"https:\/\/copades.com\/monec\/index.php?rest_route=%2Fwp%2Fv2%2Fmedia&parent=58725"}],"wp:term":[{"taxonomy":"category","embeddable":true,"href":"https:\/\/copades.com\/monec\/index.php?rest_route=%2Fwp%2Fv2%2Fcategories&post=58725"},{"taxonomy":"post_tag","embeddable":true,"href":"https:\/\/copades.com\/monec\/index.php?rest_route=%2Fwp%2Fv2%2Ftags&post=58725"}],"curies":[{"name":"wp","href":"https:\/\/api.w.org\/{rel}","templated":true}]}}