{"id":58955,"date":"2023-09-06T11:17:09","date_gmt":"2023-09-06T17:17:09","guid":{"rendered":"https:\/\/copades.com\/monec\/?p=58955"},"modified":"2023-09-06T11:17:09","modified_gmt":"2023-09-06T17:17:09","slug":"guatemala-en-via-de-tlc-con-corea","status":"publish","type":"post","link":"https:\/\/copades.com\/monec\/?p=58955","title":{"rendered":"Guatemala, en v\u00eda de TLC con Corea"},"content":{"rendered":"<p style=\"text-align: justify;\">Guatemala sign\u00f3 la declaraci\u00f3n ministerial conjunta con Corea para su pr\u00f3xima adhesi\u00f3n al tratado de libre comercio entre las naciones de Centroam\u00e9rica (Korea-Centroam\u00e9rica FTA), cuya negociaci\u00f3n se inici\u00f3 en septiembre de 2021. De acuerdo con el documento, las autoridades de ambos pa\u00edses reconocen que \u201cel tratado jugar\u00e1 un papel importante en la promoci\u00f3n del comercio y la inversi\u00f3n, que al mismo tiempo fortalecer\u00e1 las relaciones econ\u00f3micas bilaterales, a fin de mejorar los lazos de cooperaci\u00f3n y complementariedad comunes\u201d. Seg\u00fan se dio a conocer, en 2022, el pa\u00eds export\u00f3 mercanc\u00edas por un valor de US $163 millones al territorio asi\u00e1tico, mientras que en el mismo per\u00edodo import\u00f3 un total de US $390 millones desde el mercado coreano. De esa cuenta, los principales productos exportados son el ferron\u00edquel, con 43 por ciento; caf\u00e9, 39 por ciento, y banano, 5 por ciento. En tanto que entre los art\u00edculos importados est\u00e1n veh\u00edculos con capacidad de carga, 13 por ciento; gasoil, 9 por ciento; industria textil, 3 por ciento; productos farmac\u00e9uticos, 3 por ciento, y el polipropileno, 3 por ciento. La titular del Ministerio de Econom\u00eda, <strong>Luz P\u00e9rez<\/strong>, destac\u00f3 que las cifras anteriores son un testimonio claro de las oportunidades comerciales que se presentan al territorio nacional. Por parte de la naci\u00f3n centroamericana, firm\u00f3 la declaraci\u00f3n la jefa de la cartera econ\u00f3mica, y por Corea, el ministro de Comercio, Industria y Energ\u00eda, <strong>Dukgeun Ahn<\/strong>. El acto fue celebrado en formato virtual. (Diario de Centro Am\u00e9rica\/Prensa Libre 06.09.23)<\/p>\n","protected":false},"excerpt":{"rendered":"<p>Guatemala sign\u00f3 la declaraci\u00f3n ministerial conjunta con Corea para su pr\u00f3xima adhesi\u00f3n al tratado de libre comercio entre las naciones de Centroam\u00e9rica (Korea-Centroam\u00e9rica FTA), cuya negociaci\u00f3n se inici\u00f3 en septiembre de 2021. De acuerdo&#46;&#46;&#46;<\/p>\n","protected":false},"author":1,"featured_media":58603,"comment_status":"open","ping_status":"closed","sticky":false,"template":"","format":"standard","meta":{"footnotes":""},"categories":[36],"tags":[],"class_list":["post-58955","post","type-post","status-publish","format-standard","has-post-thumbnail","hentry","category-tratados-de-libre-comercio"],"_links":{"self":[{"href":"https:\/\/copades.com\/monec\/index.php?rest_route=\/wp\/v2\/posts\/58955","targetHints":{"allow":["GET"]}}],"collection":[{"href":"https:\/\/copades.com\/monec\/index.php?rest_route=\/wp\/v2\/posts"}],"about":[{"href":"https:\/\/copades.com\/monec\/index.php?rest_route=\/wp\/v2\/types\/post"}],"author":[{"embeddable":true,"href":"https:\/\/copades.com\/monec\/index.php?rest_route=\/wp\/v2\/users\/1"}],"replies":[{"embeddable":true,"href":"https:\/\/copades.com\/monec\/index.php?rest_route=%2Fwp%2Fv2%2Fcomments&post=58955"}],"version-history":[{"count":1,"href":"https:\/\/copades.com\/monec\/index.php?rest_route=\/wp\/v2\/posts\/58955\/revisions"}],"predecessor-version":[{"id":58956,"href":"https:\/\/copades.com\/monec\/index.php?rest_route=\/wp\/v2\/posts\/58955\/revisions\/58956"}],"wp:featuredmedia":[{"embeddable":true,"href":"https:\/\/copades.com\/monec\/index.php?rest_route=\/wp\/v2\/media\/58603"}],"wp:attachment":[{"href":"https:\/\/copades.com\/monec\/index.php?rest_route=%2Fwp%2Fv2%2Fmedia&parent=58955"}],"wp:term":[{"taxonomy":"category","embeddable":true,"href":"https:\/\/copades.com\/monec\/index.php?rest_route=%2Fwp%2Fv2%2Fcategories&post=58955"},{"taxonomy":"post_tag","embeddable":true,"href":"https:\/\/copades.com\/monec\/index.php?rest_route=%2Fwp%2Fv2%2Ftags&post=58955"}],"curies":[{"name":"wp","href":"https:\/\/api.w.org\/{rel}","templated":true}]}}