{"id":58977,"date":"2023-09-07T12:50:49","date_gmt":"2023-09-07T18:50:49","guid":{"rendered":"https:\/\/copades.com\/monec\/?p=58977"},"modified":"2023-09-07T12:50:49","modified_gmt":"2023-09-07T18:50:49","slug":"viajan-26-mil-con-empleo-temporal","status":"publish","type":"post","link":"https:\/\/copades.com\/monec\/?p=58977","title":{"rendered":"Viajan 26 mil con empleo temporal"},"content":{"rendered":"<p style=\"text-align: justify;\">Durante los primeros siete meses del 2023, 26 mil 808 guatemaltecos salieron del pa\u00eds rumbo a Norteam\u00e9rica, con el objetivo de trabajar de forma temporal en esas naciones, como parte de la denominada migraci\u00f3n ordenada, seg\u00fan datos del Ministerio de Relaciones Exteriores (Minex). Sin embargo, expertos en temas migratorios indican que esa cantidad es \u00ednfima, si se compara con toda la necesidad de puestos de trabajo actual. No obstante, la cifra indicada supera en siete meses lo que se ha registrado al cierre de a\u00f1os anteriores como el 2019, cuando el cierre del a\u00f1o situ\u00f3 en 24 mil 199 viajeros y en todo el 2021 fueron 22 mil 719. Adem\u00e1s, super\u00f3 a cifra de todo el a\u00f1o 2018, cuando se registraron 25 mil 356 y est\u00e1 cerca del 2022, que cerr\u00f3 en 27 mil 737. En 2020 fueron 17 mil 390, pero este comportamiento fue influenciado por las medidas derivadas de la pandemia, que incluyeron el cierre de diversas actividades y restricciones de movilidad. El ministerio expuso que la \u00e9poca alta de viajes en el a\u00f1o es entre los meses de marzo a agosto debido a la temporada de cosecha en esos pa\u00edses. Agreg\u00f3 que en el primer semestre del 2022 en total se registraron 19 mil 322 viajeros para diferentes tipos de trabajos temporales. Los datos de Minex incluyen tanto a las personas contratadas por medio de reclutadoras especializadas, as\u00ed como a quienes ya forman parte de la migraci\u00f3n circular (que viajan a\u00f1o con a\u00f1o), y a las personas que se acogen al Programa de Movilidad Laboral del Ministerio de Trabajo (Mintrab). En este \u00faltimo grupo iban alrededor de 3 mil 700 trabajadores seg\u00fan informaci\u00f3n del Mintrab al 11 de agosto del 2023. (Prensa Libre 07.09.23)<\/p>\n","protected":false},"excerpt":{"rendered":"<p>Durante los primeros siete meses del 2023, 26 mil 808 guatemaltecos salieron del pa\u00eds rumbo a Norteam\u00e9rica, con el objetivo de trabajar de forma temporal en esas naciones, como parte de la denominada migraci\u00f3n&#46;&#46;&#46;<\/p>\n","protected":false},"author":1,"featured_media":58978,"comment_status":"open","ping_status":"closed","sticky":false,"template":"","format":"standard","meta":{"footnotes":""},"categories":[840],"tags":[],"class_list":["post-58977","post","type-post","status-publish","format-standard","has-post-thumbnail","hentry","category-migracion"],"_links":{"self":[{"href":"https:\/\/copades.com\/monec\/index.php?rest_route=\/wp\/v2\/posts\/58977","targetHints":{"allow":["GET"]}}],"collection":[{"href":"https:\/\/copades.com\/monec\/index.php?rest_route=\/wp\/v2\/posts"}],"about":[{"href":"https:\/\/copades.com\/monec\/index.php?rest_route=\/wp\/v2\/types\/post"}],"author":[{"embeddable":true,"href":"https:\/\/copades.com\/monec\/index.php?rest_route=\/wp\/v2\/users\/1"}],"replies":[{"embeddable":true,"href":"https:\/\/copades.com\/monec\/index.php?rest_route=%2Fwp%2Fv2%2Fcomments&post=58977"}],"version-history":[{"count":1,"href":"https:\/\/copades.com\/monec\/index.php?rest_route=\/wp\/v2\/posts\/58977\/revisions"}],"predecessor-version":[{"id":58979,"href":"https:\/\/copades.com\/monec\/index.php?rest_route=\/wp\/v2\/posts\/58977\/revisions\/58979"}],"wp:featuredmedia":[{"embeddable":true,"href":"https:\/\/copades.com\/monec\/index.php?rest_route=\/wp\/v2\/media\/58978"}],"wp:attachment":[{"href":"https:\/\/copades.com\/monec\/index.php?rest_route=%2Fwp%2Fv2%2Fmedia&parent=58977"}],"wp:term":[{"taxonomy":"category","embeddable":true,"href":"https:\/\/copades.com\/monec\/index.php?rest_route=%2Fwp%2Fv2%2Fcategories&post=58977"},{"taxonomy":"post_tag","embeddable":true,"href":"https:\/\/copades.com\/monec\/index.php?rest_route=%2Fwp%2Fv2%2Ftags&post=58977"}],"curies":[{"name":"wp","href":"https:\/\/api.w.org\/{rel}","templated":true}]}}