{"id":59204,"date":"2023-10-02T10:35:07","date_gmt":"2023-10-02T16:35:07","guid":{"rendered":"https:\/\/copades.com\/monec\/?p=59204"},"modified":"2023-10-02T10:36:34","modified_gmt":"2023-10-02T16:36:34","slug":"avanza-proyecto-de-autopista-escuintla-a-puerto-quetzal","status":"publish","type":"post","link":"https:\/\/copades.com\/monec\/?p=59204","title":{"rendered":"Avanza proyecto de autopista Escuintla a Puerto Quetzal"},"content":{"rendered":"<p style=\"text-align: justify;\">El Consorcio Autopistas de Guatemala (Conv\u00eda) dio a conocer los avances de la fase de preconstrucci\u00f3n realizados en la autopista entre Escuintla y Puerto Quetzal, obra que iniciar\u00e1 pr\u00f3ximamente. Dicho trayecto se extiende del kil\u00f3metro 60.9, identificado como el Mercado de Frutas, al 102.1, en la aduana portuaria. Los trabajos incluyen carreteras de ida y vuelta, as\u00ed como agregados tipo tr\u00e9boles, retornos, islas, etc\u00e9tera, lo que representa una edificaci\u00f3n de 104 kil\u00f3metros. 20 mil empleos directos e indirectos generar\u00e1 la obra, en los 25 a\u00f1os de concesi\u00f3n. Seg\u00fan <strong>Armando Salas<\/strong>, subdirector de Operaciones y Mantenimiento de la citada compa\u00f1\u00eda, laboran en lo que ser\u00e1 un referente en infraestructura y seguridad vial. Explic\u00f3 que su dise\u00f1o contempla se\u00f1alizaci\u00f3n vertical y horizontal, v\u00edas de acceso para minimizar accidentes, paradas de autobuses, pasarelas peatonales, iluminaci\u00f3n y c\u00e1maras de seguridad, entre otros.\u00a0El proyecto, que surge tras la aprobaci\u00f3n del Decreto 18-2021, permiti\u00f3, en 2022, la suscripci\u00f3n del contrato de rehabilitaci\u00f3n, administraci\u00f3n y operaci\u00f3n entre el Estado, por medio del Ministerio de Comunicaciones, Infraestructura y Vivienda (CIV), la Agencia Nacional de Alianzas para el Desarrollo de Infraestructura Econ\u00f3mica (Anadie) y la entidad privada. (Diario de Centro Am\u00e9rica\u00a0 02.10.23)<\/p>\n","protected":false},"excerpt":{"rendered":"<p>El Consorcio Autopistas de Guatemala (Conv\u00eda) dio a conocer los avances de la fase de preconstrucci\u00f3n realizados en la autopista entre Escuintla y Puerto Quetzal, obra que iniciar\u00e1 pr\u00f3ximamente. Dicho trayecto se extiende del&#46;&#46;&#46;<\/p>\n","protected":false},"author":1,"featured_media":58912,"comment_status":"open","ping_status":"closed","sticky":false,"template":"","format":"standard","meta":{"footnotes":""},"categories":[11],"tags":[],"class_list":["post-59204","post","type-post","status-publish","format-standard","has-post-thumbnail","hentry","category-construccion-e-infraestructura"],"_links":{"self":[{"href":"https:\/\/copades.com\/monec\/index.php?rest_route=\/wp\/v2\/posts\/59204","targetHints":{"allow":["GET"]}}],"collection":[{"href":"https:\/\/copades.com\/monec\/index.php?rest_route=\/wp\/v2\/posts"}],"about":[{"href":"https:\/\/copades.com\/monec\/index.php?rest_route=\/wp\/v2\/types\/post"}],"author":[{"embeddable":true,"href":"https:\/\/copades.com\/monec\/index.php?rest_route=\/wp\/v2\/users\/1"}],"replies":[{"embeddable":true,"href":"https:\/\/copades.com\/monec\/index.php?rest_route=%2Fwp%2Fv2%2Fcomments&post=59204"}],"version-history":[{"count":1,"href":"https:\/\/copades.com\/monec\/index.php?rest_route=\/wp\/v2\/posts\/59204\/revisions"}],"predecessor-version":[{"id":59205,"href":"https:\/\/copades.com\/monec\/index.php?rest_route=\/wp\/v2\/posts\/59204\/revisions\/59205"}],"wp:featuredmedia":[{"embeddable":true,"href":"https:\/\/copades.com\/monec\/index.php?rest_route=\/wp\/v2\/media\/58912"}],"wp:attachment":[{"href":"https:\/\/copades.com\/monec\/index.php?rest_route=%2Fwp%2Fv2%2Fmedia&parent=59204"}],"wp:term":[{"taxonomy":"category","embeddable":true,"href":"https:\/\/copades.com\/monec\/index.php?rest_route=%2Fwp%2Fv2%2Fcategories&post=59204"},{"taxonomy":"post_tag","embeddable":true,"href":"https:\/\/copades.com\/monec\/index.php?rest_route=%2Fwp%2Fv2%2Ftags&post=59204"}],"curies":[{"name":"wp","href":"https:\/\/api.w.org\/{rel}","templated":true}]}}