{"id":59297,"date":"2023-10-09T11:32:23","date_gmt":"2023-10-09T17:32:23","guid":{"rendered":"https:\/\/copades.com\/monec\/?p=59297"},"modified":"2023-10-09T11:32:23","modified_gmt":"2023-10-09T17:32:23","slug":"productos-basicos-comienzan-a-escasear","status":"publish","type":"post","link":"https:\/\/copades.com\/monec\/?p=59297","title":{"rendered":"Productos b\u00e1sicos comienzan a escasear"},"content":{"rendered":"<p style=\"text-align: justify;\">En el s\u00e9ptimo d\u00eda consecutivo de protestas, el desabastecimiento de principales productos de consumo se extiende a otros departamentos, debido a que algunas gremiales de transportistas han optado suspender los env\u00edos por el riesgo de quedarse varados. H\u00e9ctor Fajardo, director de la C\u00e1mara de Transportistas Centroamericanos (Catransca) y de la Coordinadora Nacional de Transportes (CNT), indic\u00f3 que ya qued\u00f3 a decisi\u00f3n de cada gremial continuar con el traslado de mercader\u00eda o suspender los ruteos para evitar que se queden varados ante un bloqueo. Fajardo afirma que desde el viernes 6 de octubre la situaci\u00f3n se empeor\u00f3, debido a que son pocas las rutas por donde pueden pasar los camiones y el bloqueo en la Aguilar Batres es uno de los que m\u00e1s les ha perjudicado. Tambi\u00e9n destac\u00f3 que hay algunas gremiales de transportistas como la de Ayutla, San Marcos y Puerto Quetzal en Escuintla, que emitieron comunicados donde les indican a sus asociados que no presten el servicio porque ponen en riesgo el producto y a los conductores. Ante esta situaci\u00f3n, Fajardo dijo que se acord\u00f3 que cada gremial eval\u00fae la situaci\u00f3n y si se ven afectados por las condiciones del pa\u00eds que no expongan la carga ni a sus conductores. \u201cEl transportista carga con los costos de tener paralizados los env\u00edos, no podemos arriesgar a los conductores ni a los medios de transporte\u201d, advirti\u00f3. <strong>Enrique Mel\u00e9ndez<\/strong>, director ejecutivo de la Asociaci\u00f3n Guatemalteca de Expendedores de Gasolina, afirm\u00f3 que el suministro es irregular y durante los lapsos en los que se retiran los bloqueos logran pasar con algunas pipas, aunque asegura que las mismas estaciones han suspendido los pedidos. \u00a0(Prensa Libre 09.10.23)<\/p>\n","protected":false},"excerpt":{"rendered":"<p>En el s\u00e9ptimo d\u00eda consecutivo de protestas, el desabastecimiento de principales productos de consumo se extiende a otros departamentos, debido a que algunas gremiales de transportistas han optado suspender los env\u00edos por el riesgo&#46;&#46;&#46;<\/p>\n","protected":false},"author":1,"featured_media":59298,"comment_status":"open","ping_status":"closed","sticky":false,"template":"","format":"standard","meta":{"footnotes":""},"categories":[46],"tags":[],"class_list":["post-59297","post","type-post","status-publish","format-standard","has-post-thumbnail","hentry","category-inflacion"],"_links":{"self":[{"href":"https:\/\/copades.com\/monec\/index.php?rest_route=\/wp\/v2\/posts\/59297","targetHints":{"allow":["GET"]}}],"collection":[{"href":"https:\/\/copades.com\/monec\/index.php?rest_route=\/wp\/v2\/posts"}],"about":[{"href":"https:\/\/copades.com\/monec\/index.php?rest_route=\/wp\/v2\/types\/post"}],"author":[{"embeddable":true,"href":"https:\/\/copades.com\/monec\/index.php?rest_route=\/wp\/v2\/users\/1"}],"replies":[{"embeddable":true,"href":"https:\/\/copades.com\/monec\/index.php?rest_route=%2Fwp%2Fv2%2Fcomments&post=59297"}],"version-history":[{"count":1,"href":"https:\/\/copades.com\/monec\/index.php?rest_route=\/wp\/v2\/posts\/59297\/revisions"}],"predecessor-version":[{"id":59299,"href":"https:\/\/copades.com\/monec\/index.php?rest_route=\/wp\/v2\/posts\/59297\/revisions\/59299"}],"wp:featuredmedia":[{"embeddable":true,"href":"https:\/\/copades.com\/monec\/index.php?rest_route=\/wp\/v2\/media\/59298"}],"wp:attachment":[{"href":"https:\/\/copades.com\/monec\/index.php?rest_route=%2Fwp%2Fv2%2Fmedia&parent=59297"}],"wp:term":[{"taxonomy":"category","embeddable":true,"href":"https:\/\/copades.com\/monec\/index.php?rest_route=%2Fwp%2Fv2%2Fcategories&post=59297"},{"taxonomy":"post_tag","embeddable":true,"href":"https:\/\/copades.com\/monec\/index.php?rest_route=%2Fwp%2Fv2%2Ftags&post=59297"}],"curies":[{"name":"wp","href":"https:\/\/api.w.org\/{rel}","templated":true}]}}