{"id":59300,"date":"2023-10-09T11:40:05","date_gmt":"2023-10-09T17:40:05","guid":{"rendered":"https:\/\/copades.com\/monec\/?p=59300"},"modified":"2023-10-09T11:40:05","modified_gmt":"2023-10-09T17:40:05","slug":"amlo-anuncia-cumbre-sobre-migracion-en-la-que-estan-invitados-11-paises-de-latinoamerica-incluido-guatemala","status":"publish","type":"post","link":"https:\/\/copades.com\/monec\/?p=59300","title":{"rendered":"AMLO anuncia cumbre sobre migraci\u00f3n en la que est\u00e1n invitados 11 pa\u00edses de Latinoam\u00e9rica, incluido Guatemala"},"content":{"rendered":"<p style=\"text-align: justify;\">El presidente de M\u00e9xico, <strong>Andr\u00e9s Manuel L\u00f3pez Obrador<\/strong>, anunci\u00f3 este lunes 9 de octubre que albergar\u00e1 una cumbre sobre migraci\u00f3n con mandatarios de 11 pa\u00edses de Latinoam\u00e9rica el 22 de octubre en Chiapas, estado fronterizo con Guatemala. \u201cVamos a llevar a cabo el d\u00eda 22 de este mes una reuni\u00f3n de presidentes y cancilleres de pa\u00edses vecinos que estamos enfrentando el fen\u00f3meno migratorio, nos vamos a reunir, los estoy invitando para reunirnos en Palenque, Chiapas, el d\u00eda 22 de octubre\u201d, expres\u00f3 el mandatario en su rueda de prensa matutina. El gobernante mexicano inform\u00f3 de la presencia de los mandatarios de Ecuador, Colombia, El Salvador, Honduras, Belice, Guatemala, Venezuela, Hait\u00ed, Cuba, Costa Rica y Panam\u00e1. \u201cNada m\u00e1s me falta hablar con el presidente de Guatemala (<strong>Alejandro Giammattei<\/strong>) y el presidente de Colombia (<strong>Gustavo Petro<\/strong>), todos los dem\u00e1s me han confirmado que van a asistir y vamos a tratar entre nosotros, es como un acuerdo de buena vecindad, vecindad contra la pobreza, vecindad por el bienestar de nuestros pueblos\u201d, dijo. El encuentro ocurrir\u00e1 mientras M\u00e9xico y Centroam\u00e9rica afrontan un flujo migratorio \u201csin precedentes\u201d, como advirti\u00f3 la Organizaci\u00f3n Internacional de las Migraciones (OIM) el mes pasado. En la nueva oleada migratoria, el mandatario calcul\u00f3 que a la frontera de M\u00e9xico con Centroam\u00e9rica llegan hasta 6 mil migrantes diarios, mientras que a la de Estados Unidos arriban hasta 10 mil. (Prensa Libre 09.10.23)<\/p>\n<p>&nbsp;<\/p>\n","protected":false},"excerpt":{"rendered":"<p>El presidente de M\u00e9xico, Andr\u00e9s Manuel L\u00f3pez Obrador, anunci\u00f3 este lunes 9 de octubre que albergar\u00e1 una cumbre sobre migraci\u00f3n con mandatarios de 11 pa\u00edses de Latinoam\u00e9rica el 22 de octubre en Chiapas, estado&#46;&#46;&#46;<\/p>\n","protected":false},"author":1,"featured_media":58978,"comment_status":"open","ping_status":"closed","sticky":false,"template":"","format":"standard","meta":{"footnotes":""},"categories":[840],"tags":[],"class_list":["post-59300","post","type-post","status-publish","format-standard","has-post-thumbnail","hentry","category-migracion"],"_links":{"self":[{"href":"https:\/\/copades.com\/monec\/index.php?rest_route=\/wp\/v2\/posts\/59300","targetHints":{"allow":["GET"]}}],"collection":[{"href":"https:\/\/copades.com\/monec\/index.php?rest_route=\/wp\/v2\/posts"}],"about":[{"href":"https:\/\/copades.com\/monec\/index.php?rest_route=\/wp\/v2\/types\/post"}],"author":[{"embeddable":true,"href":"https:\/\/copades.com\/monec\/index.php?rest_route=\/wp\/v2\/users\/1"}],"replies":[{"embeddable":true,"href":"https:\/\/copades.com\/monec\/index.php?rest_route=%2Fwp%2Fv2%2Fcomments&post=59300"}],"version-history":[{"count":1,"href":"https:\/\/copades.com\/monec\/index.php?rest_route=\/wp\/v2\/posts\/59300\/revisions"}],"predecessor-version":[{"id":59301,"href":"https:\/\/copades.com\/monec\/index.php?rest_route=\/wp\/v2\/posts\/59300\/revisions\/59301"}],"wp:featuredmedia":[{"embeddable":true,"href":"https:\/\/copades.com\/monec\/index.php?rest_route=\/wp\/v2\/media\/58978"}],"wp:attachment":[{"href":"https:\/\/copades.com\/monec\/index.php?rest_route=%2Fwp%2Fv2%2Fmedia&parent=59300"}],"wp:term":[{"taxonomy":"category","embeddable":true,"href":"https:\/\/copades.com\/monec\/index.php?rest_route=%2Fwp%2Fv2%2Fcategories&post=59300"},{"taxonomy":"post_tag","embeddable":true,"href":"https:\/\/copades.com\/monec\/index.php?rest_route=%2Fwp%2Fv2%2Ftags&post=59300"}],"curies":[{"name":"wp","href":"https:\/\/api.w.org\/{rel}","templated":true}]}}