{"id":59302,"date":"2023-10-09T11:43:29","date_gmt":"2023-10-09T17:43:29","guid":{"rendered":"https:\/\/copades.com\/monec\/?p=59302"},"modified":"2023-10-09T11:43:29","modified_gmt":"2023-10-09T17:43:29","slug":"bloqueos-provocarian-falta-de-combustible-y-asociacion-advierte-riesgo-en-operaciones-aereas","status":"publish","type":"post","link":"https:\/\/copades.com\/monec\/?p=59302","title":{"rendered":"Bloqueos provocar\u00edan falta de combustible y asociaci\u00f3n advierte riesgo en operaciones a\u00e9reas"},"content":{"rendered":"<p style=\"text-align: justify;\">Las l\u00edneas a\u00e9reas que operan en el Aeropuerto Internacional la Aurora, dieron a conocer por medio de la Asociaci\u00f3n Guatemalteca de L\u00edneas A\u00e9reas (AGLA), su preocupaci\u00f3n ante un posible alto a la operaci\u00f3n debido al riesgo de desabastecimiento de combustible por los bloqueos en el pa\u00eds. AGLA, inform\u00f3 que dicho gremio fue informado por parte de los proveedores de combustible que la cadena del suministro se ha visto limitada, lo que indicaron supone un grave peligro para la continuidad de las operaciones de traslado de pasajeros por medio de la v\u00eda a\u00e9rea. \u00abDe continuar as\u00ed, en cualquier momento podr\u00edan llegar a suspenderse y dejar incomunicado al pa\u00eds por esta v\u00eda\u00bb, se lee en el comunicado que la asociaci\u00f3n comparti\u00f3 a medios de comunicaci\u00f3n. (La Hora 09.10.23)<\/p>\n","protected":false},"excerpt":{"rendered":"<p>Las l\u00edneas a\u00e9reas que operan en el Aeropuerto Internacional la Aurora, dieron a conocer por medio de la Asociaci\u00f3n Guatemalteca de L\u00edneas A\u00e9reas (AGLA), su preocupaci\u00f3n ante un posible alto a la operaci\u00f3n debido&#46;&#46;&#46;<\/p>\n","protected":false},"author":1,"featured_media":58287,"comment_status":"open","ping_status":"closed","sticky":false,"template":"","format":"standard","meta":{"footnotes":""},"categories":[22],"tags":[],"class_list":["post-59302","post","type-post","status-publish","format-standard","has-post-thumbnail","hentry","category-transporte-y-almacenamiento"],"_links":{"self":[{"href":"https:\/\/copades.com\/monec\/index.php?rest_route=\/wp\/v2\/posts\/59302","targetHints":{"allow":["GET"]}}],"collection":[{"href":"https:\/\/copades.com\/monec\/index.php?rest_route=\/wp\/v2\/posts"}],"about":[{"href":"https:\/\/copades.com\/monec\/index.php?rest_route=\/wp\/v2\/types\/post"}],"author":[{"embeddable":true,"href":"https:\/\/copades.com\/monec\/index.php?rest_route=\/wp\/v2\/users\/1"}],"replies":[{"embeddable":true,"href":"https:\/\/copades.com\/monec\/index.php?rest_route=%2Fwp%2Fv2%2Fcomments&post=59302"}],"version-history":[{"count":1,"href":"https:\/\/copades.com\/monec\/index.php?rest_route=\/wp\/v2\/posts\/59302\/revisions"}],"predecessor-version":[{"id":59303,"href":"https:\/\/copades.com\/monec\/index.php?rest_route=\/wp\/v2\/posts\/59302\/revisions\/59303"}],"wp:featuredmedia":[{"embeddable":true,"href":"https:\/\/copades.com\/monec\/index.php?rest_route=\/wp\/v2\/media\/58287"}],"wp:attachment":[{"href":"https:\/\/copades.com\/monec\/index.php?rest_route=%2Fwp%2Fv2%2Fmedia&parent=59302"}],"wp:term":[{"taxonomy":"category","embeddable":true,"href":"https:\/\/copades.com\/monec\/index.php?rest_route=%2Fwp%2Fv2%2Fcategories&post=59302"},{"taxonomy":"post_tag","embeddable":true,"href":"https:\/\/copades.com\/monec\/index.php?rest_route=%2Fwp%2Fv2%2Ftags&post=59302"}],"curies":[{"name":"wp","href":"https:\/\/api.w.org\/{rel}","templated":true}]}}