{"id":59371,"date":"2023-10-13T12:42:46","date_gmt":"2023-10-13T18:42:46","guid":{"rendered":"https:\/\/copades.com\/monec\/?p=59371"},"modified":"2023-10-13T12:42:46","modified_gmt":"2023-10-13T18:42:46","slug":"incursion-impide-operacion-de-hidro","status":"publish","type":"post","link":"https:\/\/copades.com\/monec\/?p=59371","title":{"rendered":"Incursi\u00f3n impide operaci\u00f3n de hidro"},"content":{"rendered":"<p style=\"text-align: justify;\">El presidente de la Asociaci\u00f3n de Generadores con Energ\u00eda Renovable (Ager), <strong>Rudolf Jacobs<\/strong>, indic\u00f3 que aparte de Hidro Xacbal, ubicada en el departamento de El Quich\u00e9, no hay otras plantas generadoras p\u00fablicas ni privadas que est\u00e9n fuera de operaci\u00f3n por los bloqueos o manifestaciones que desde la semana pasada se han registrado en diversos puntos del pa\u00eds. La log\u00edstica de transporte de personal operativo y de combustibles est\u00e1 complicada, pero se est\u00e1 logrando el abastecimiento del sistema de electricidad. \u201cObviamente, el sector est\u00e1 muy preocupado de tantas medidas y se espera que los bloqueos puedan cesar y que las manifestaciones se lleven a cabo de forma pac\u00edfica para que la sociedad pueda funcionar normalmente y no se arriesguen los servicios b\u00e1sicos\u201d, dijo el directivo. En el caso de Hidro Xacbal, coment\u00f3 que no tiene informaci\u00f3n a detalle pero que el 11 de octubre alarm\u00f3 la presencia e incursi\u00f3n de personas no autorizadas y la generadora opt\u00f3 por resguardar al personal y cesar operaciones, pero se reiniciar\u00e1n la generaci\u00f3n en cuanto sea posible. Esta generadora est\u00e1 ubicada al norte de la Sierra de los Cuchumatanes, en jurisdicci\u00f3n del municipio de San Gaspar Chajul, El Quich\u00e9. Cuenta con dos centrales generadoras con capacidad de 98 megavatios (MW). Jacobs agreg\u00f3 que la informaci\u00f3n que poseen es que la generadora est\u00e1 verificando la situaci\u00f3n para ver si pueden reiniciar operaciones porque hasta el mediod\u00eda de este jueves, a\u00fan no las hab\u00edan retomado. El Administrador del Mercado Mayorista (AMM), ente operador del sistema nacional interconectado de electricidad, confirm\u00f3 la salida de operaci\u00f3n de Hidro Xacbal e indic\u00f3 que el reporte que recibieron es que la central est\u00e1 ocupada por personas ajenas que tienen reclamos muy particulares, explic\u00f3 su gerente, <strong>Jorge \u00c1lvarez<\/strong>. (Prensa Libre 13.10.23)<\/p>\n","protected":false},"excerpt":{"rendered":"<p>El presidente de la Asociaci\u00f3n de Generadores con Energ\u00eda Renovable (Ager), Rudolf Jacobs, indic\u00f3 que aparte de Hidro Xacbal, ubicada en el departamento de El Quich\u00e9, no hay otras plantas generadoras p\u00fablicas ni privadas&#46;&#46;&#46;<\/p>\n","protected":false},"author":1,"featured_media":58058,"comment_status":"open","ping_status":"closed","sticky":false,"template":"","format":"standard","meta":{"footnotes":""},"categories":[14],"tags":[],"class_list":["post-59371","post","type-post","status-publish","format-standard","has-post-thumbnail","hentry","category-energia-electrica"],"_links":{"self":[{"href":"https:\/\/copades.com\/monec\/index.php?rest_route=\/wp\/v2\/posts\/59371","targetHints":{"allow":["GET"]}}],"collection":[{"href":"https:\/\/copades.com\/monec\/index.php?rest_route=\/wp\/v2\/posts"}],"about":[{"href":"https:\/\/copades.com\/monec\/index.php?rest_route=\/wp\/v2\/types\/post"}],"author":[{"embeddable":true,"href":"https:\/\/copades.com\/monec\/index.php?rest_route=\/wp\/v2\/users\/1"}],"replies":[{"embeddable":true,"href":"https:\/\/copades.com\/monec\/index.php?rest_route=%2Fwp%2Fv2%2Fcomments&post=59371"}],"version-history":[{"count":1,"href":"https:\/\/copades.com\/monec\/index.php?rest_route=\/wp\/v2\/posts\/59371\/revisions"}],"predecessor-version":[{"id":59372,"href":"https:\/\/copades.com\/monec\/index.php?rest_route=\/wp\/v2\/posts\/59371\/revisions\/59372"}],"wp:featuredmedia":[{"embeddable":true,"href":"https:\/\/copades.com\/monec\/index.php?rest_route=\/wp\/v2\/media\/58058"}],"wp:attachment":[{"href":"https:\/\/copades.com\/monec\/index.php?rest_route=%2Fwp%2Fv2%2Fmedia&parent=59371"}],"wp:term":[{"taxonomy":"category","embeddable":true,"href":"https:\/\/copades.com\/monec\/index.php?rest_route=%2Fwp%2Fv2%2Fcategories&post=59371"},{"taxonomy":"post_tag","embeddable":true,"href":"https:\/\/copades.com\/monec\/index.php?rest_route=%2Fwp%2Fv2%2Ftags&post=59371"}],"curies":[{"name":"wp","href":"https:\/\/api.w.org\/{rel}","templated":true}]}}