{"id":59373,"date":"2023-10-13T12:49:55","date_gmt":"2023-10-13T18:49:55","guid":{"rendered":"https:\/\/copades.com\/monec\/?p=59373"},"modified":"2023-10-13T12:49:55","modified_gmt":"2023-10-13T18:49:55","slug":"legislativo-mantendra-mismo-presupuesto-en-2024","status":"publish","type":"post","link":"https:\/\/copades.com\/monec\/?p=59373","title":{"rendered":"Legislativo mantendr\u00e1 mismo presupuesto en 2024"},"content":{"rendered":"<p style=\"text-align: justify;\">En la sexta semana de audiencias, la Comisi\u00f3n de Finanzas P\u00fablicas y Moneda del Congreso recibi\u00f3 a las autoridades administrativas del Organismo Legislativo, entre ellas a la directora general, <strong>Silvia Valiente<\/strong>, quienes presentaron la propuesta de presupuesto para 2024. La funcionaria inform\u00f3 a los diputados que integran la citada sala que la solicitud es de Q805 millones, mismo monto asignado al Parlamento en los \u00faltimos dos a\u00f1os. El proceso de audiencias incluy\u00f3 esta semana a representantes de instituciones de Gobierno y organizaciones sociales que manejan fondos del Estado. Durante las juntas se analizan y discuten las necesidades de cada instancia para el ejercicio fiscal 2024. Adem\u00e1s de la petici\u00f3n del Congreso de la Rep\u00fablica, la mencionada comisi\u00f3n escuch\u00f3 lo proyectado para la Procuradur\u00eda de los Derechos Humanos (PDH), el cual asciende a Q250 millones, Q5 millones m\u00e1s de lo que actualmente ejecuta. La cantidad adicional servir\u00e1 para la construcci\u00f3n de una auxiliatura en Ixc\u00e1n, Quich\u00e9, se explic\u00f3. Para conocer m\u00e1s detalles del gasto actual y la proyecci\u00f3n para el pr\u00f3ximo a\u00f1o, los diputados escucharon al magistrado de Conciencia, Jos\u00e9 Alejandro C\u00f3rdova, y a Mar\u00eda Mercedes Argueta, directora de Planificaci\u00f3n y Gesti\u00f3n Institucional. (Diario de Centro Am\u00e9rica 13.10.23)<\/p>\n","protected":false},"excerpt":{"rendered":"<p>En la sexta semana de audiencias, la Comisi\u00f3n de Finanzas P\u00fablicas y Moneda del Congreso recibi\u00f3 a las autoridades administrativas del Organismo Legislativo, entre ellas a la directora general, Silvia Valiente, quienes presentaron la&#46;&#46;&#46;<\/p>\n","protected":false},"author":1,"featured_media":53193,"comment_status":"open","ping_status":"closed","sticky":false,"template":"","format":"standard","meta":{"footnotes":""},"categories":[41],"tags":[],"class_list":["post-59373","post","type-post","status-publish","format-standard","has-post-thumbnail","hentry","category-finanzas-publicas"],"_links":{"self":[{"href":"https:\/\/copades.com\/monec\/index.php?rest_route=\/wp\/v2\/posts\/59373","targetHints":{"allow":["GET"]}}],"collection":[{"href":"https:\/\/copades.com\/monec\/index.php?rest_route=\/wp\/v2\/posts"}],"about":[{"href":"https:\/\/copades.com\/monec\/index.php?rest_route=\/wp\/v2\/types\/post"}],"author":[{"embeddable":true,"href":"https:\/\/copades.com\/monec\/index.php?rest_route=\/wp\/v2\/users\/1"}],"replies":[{"embeddable":true,"href":"https:\/\/copades.com\/monec\/index.php?rest_route=%2Fwp%2Fv2%2Fcomments&post=59373"}],"version-history":[{"count":1,"href":"https:\/\/copades.com\/monec\/index.php?rest_route=\/wp\/v2\/posts\/59373\/revisions"}],"predecessor-version":[{"id":59374,"href":"https:\/\/copades.com\/monec\/index.php?rest_route=\/wp\/v2\/posts\/59373\/revisions\/59374"}],"wp:featuredmedia":[{"embeddable":true,"href":"https:\/\/copades.com\/monec\/index.php?rest_route=\/wp\/v2\/media\/53193"}],"wp:attachment":[{"href":"https:\/\/copades.com\/monec\/index.php?rest_route=%2Fwp%2Fv2%2Fmedia&parent=59373"}],"wp:term":[{"taxonomy":"category","embeddable":true,"href":"https:\/\/copades.com\/monec\/index.php?rest_route=%2Fwp%2Fv2%2Fcategories&post=59373"},{"taxonomy":"post_tag","embeddable":true,"href":"https:\/\/copades.com\/monec\/index.php?rest_route=%2Fwp%2Fv2%2Ftags&post=59373"}],"curies":[{"name":"wp","href":"https:\/\/api.w.org\/{rel}","templated":true}]}}