{"id":59422,"date":"2023-10-18T11:39:25","date_gmt":"2023-10-18T17:39:25","guid":{"rendered":"https:\/\/copades.com\/monec\/?p=59422"},"modified":"2023-10-18T11:39:25","modified_gmt":"2023-10-18T17:39:25","slug":"disenaran-mecanismo-regional-de-proteccion-a-consumidores","status":"publish","type":"post","link":"https:\/\/copades.com\/monec\/?p=59422","title":{"rendered":"Dise\u00f1ar\u00e1n mecanismo regional de protecci\u00f3n a consumidores"},"content":{"rendered":"<p style=\"text-align: justify;\">En la s\u00e9ptima sesi\u00f3n ordinaria del Consejo Centroamericano de Protecci\u00f3n al Consumidor (Concadeco), realizada en El Salvador, se abord\u00f3 la creaci\u00f3n de una hoja de ruta regional para el monitoreo de precios de la canasta b\u00e1sica alimentaria, que ser\u00e1 financiada con recursos de la Uni\u00f3n Europea. En dicha reuni\u00f3n particip\u00f3 el titular de la Direcci\u00f3n de Atenci\u00f3n y Asistencia al Consumidor (Diaco), <strong>Ernesto Ch\u00e1vez<\/strong>, quien solicit\u00f3 que tambi\u00e9n se incluyan los costos de los combustibles y medicamentos de los pa\u00edses miembros del Concadeco. Dentro de la agenda desarrollada en el vecino pa\u00eds, el director de la Diaco intervino en el foro Avances y Desaf\u00edos en la Protecci\u00f3n al Consumidor en Centroam\u00e9rica y Rep\u00fablica Dominicana, en el cual dio a conocer que la dependencia a su cargo cuenta con centros de atenci\u00f3n en las cabeceras departamentales del territorio nacional. El consejo es un organismo que pertenece al Sistema de Integraci\u00f3n Centroamericana (Sica), y aglutina a las instituciones gubernamentales que regulan las relaciones de consumo entre proveedores y consumidores. Promueve planes, pol\u00edticas, programas y proyectos conjuntos, as\u00ed como foros y eventos internacionales en beneficio de los consumidores del Istmo. (Diario de Centro Am\u00e9rica 18.10.23)<\/p>\n","protected":false},"excerpt":{"rendered":"<p>En la s\u00e9ptima sesi\u00f3n ordinaria del Consejo Centroamericano de Protecci\u00f3n al Consumidor (Concadeco), realizada en El Salvador, se abord\u00f3 la creaci\u00f3n de una hoja de ruta regional para el monitoreo de precios de la&#46;&#46;&#46;<\/p>\n","protected":false},"author":1,"featured_media":59423,"comment_status":"open","ping_status":"closed","sticky":false,"template":"","format":"standard","meta":{"footnotes":""},"categories":[12],"tags":[],"class_list":["post-59422","post","type-post","status-publish","format-standard","has-post-thumbnail","hentry","category-consumo"],"_links":{"self":[{"href":"https:\/\/copades.com\/monec\/index.php?rest_route=\/wp\/v2\/posts\/59422","targetHints":{"allow":["GET"]}}],"collection":[{"href":"https:\/\/copades.com\/monec\/index.php?rest_route=\/wp\/v2\/posts"}],"about":[{"href":"https:\/\/copades.com\/monec\/index.php?rest_route=\/wp\/v2\/types\/post"}],"author":[{"embeddable":true,"href":"https:\/\/copades.com\/monec\/index.php?rest_route=\/wp\/v2\/users\/1"}],"replies":[{"embeddable":true,"href":"https:\/\/copades.com\/monec\/index.php?rest_route=%2Fwp%2Fv2%2Fcomments&post=59422"}],"version-history":[{"count":1,"href":"https:\/\/copades.com\/monec\/index.php?rest_route=\/wp\/v2\/posts\/59422\/revisions"}],"predecessor-version":[{"id":59424,"href":"https:\/\/copades.com\/monec\/index.php?rest_route=\/wp\/v2\/posts\/59422\/revisions\/59424"}],"wp:featuredmedia":[{"embeddable":true,"href":"https:\/\/copades.com\/monec\/index.php?rest_route=\/wp\/v2\/media\/59423"}],"wp:attachment":[{"href":"https:\/\/copades.com\/monec\/index.php?rest_route=%2Fwp%2Fv2%2Fmedia&parent=59422"}],"wp:term":[{"taxonomy":"category","embeddable":true,"href":"https:\/\/copades.com\/monec\/index.php?rest_route=%2Fwp%2Fv2%2Fcategories&post=59422"},{"taxonomy":"post_tag","embeddable":true,"href":"https:\/\/copades.com\/monec\/index.php?rest_route=%2Fwp%2Fv2%2Ftags&post=59422"}],"curies":[{"name":"wp","href":"https:\/\/api.w.org\/{rel}","templated":true}]}}