{"id":59581,"date":"2023-10-31T15:50:31","date_gmt":"2023-10-31T21:50:31","guid":{"rendered":"https:\/\/copades.com\/monec\/?p=59581"},"modified":"2023-10-31T15:50:31","modified_gmt":"2023-10-31T21:50:31","slug":"tribunal-electoral-rechaza-organizar-consulta-popular-sobre-mina-en-panama","status":"publish","type":"post","link":"https:\/\/copades.com\/monec\/?p=59581","title":{"rendered":"Tribunal Electoral rechaza organizar consulta popular sobre mina en Panam\u00e1"},"content":{"rendered":"<p style=\"text-align: justify;\">El Tribunal Electoral de Panam\u00e1 rechaz\u00f3 este lunes organizar una consulta popular el 17 de diciembre para decidir si se deroga un pol\u00e9mico contrato minero, propuesta por el presidente <strong>Laurentino Cortizo<\/strong> para desactivar las masivas protestas que sacuden al pa\u00eds desde hace diez d\u00edas. \u201cEn estos momentos no hay condiciones para organizar la pretendida consulta popular\u201d, anunci\u00f3 en rueda de prensa el presidente del Tribunal, <strong>Alfredo Junc\u00e1<\/strong>, al se\u00f1alar que el ambiente convulso que vive el pa\u00eds impide atender el pedido del gobierno. Adem\u00e1s, \u201cla Corte Suprema de Justicia tiene en estos momentos demandas de inconstitucionalidad de la ley 406 [del contrato minero] que, de resolverse antes de la fecha de la consulta, la har\u00edan innecesaria\u201d, a\u00f1adi\u00f3 el magistrado. (Prensa Libre 31.10.23)<\/p>\n","protected":false},"excerpt":{"rendered":"<p>El Tribunal Electoral de Panam\u00e1 rechaz\u00f3 este lunes organizar una consulta popular el 17 de diciembre para decidir si se deroga un pol\u00e9mico contrato minero, propuesta por el presidente Laurentino Cortizo para desactivar las&#46;&#46;&#46;<\/p>\n","protected":false},"author":1,"featured_media":57239,"comment_status":"open","ping_status":"closed","sticky":false,"template":"","format":"standard","meta":{"footnotes":""},"categories":[54],"tags":[],"class_list":["post-59581","post","type-post","status-publish","format-standard","has-post-thumbnail","hentry","category-centroamerica-seleccion"],"_links":{"self":[{"href":"https:\/\/copades.com\/monec\/index.php?rest_route=\/wp\/v2\/posts\/59581","targetHints":{"allow":["GET"]}}],"collection":[{"href":"https:\/\/copades.com\/monec\/index.php?rest_route=\/wp\/v2\/posts"}],"about":[{"href":"https:\/\/copades.com\/monec\/index.php?rest_route=\/wp\/v2\/types\/post"}],"author":[{"embeddable":true,"href":"https:\/\/copades.com\/monec\/index.php?rest_route=\/wp\/v2\/users\/1"}],"replies":[{"embeddable":true,"href":"https:\/\/copades.com\/monec\/index.php?rest_route=%2Fwp%2Fv2%2Fcomments&post=59581"}],"version-history":[{"count":1,"href":"https:\/\/copades.com\/monec\/index.php?rest_route=\/wp\/v2\/posts\/59581\/revisions"}],"predecessor-version":[{"id":59582,"href":"https:\/\/copades.com\/monec\/index.php?rest_route=\/wp\/v2\/posts\/59581\/revisions\/59582"}],"wp:featuredmedia":[{"embeddable":true,"href":"https:\/\/copades.com\/monec\/index.php?rest_route=\/wp\/v2\/media\/57239"}],"wp:attachment":[{"href":"https:\/\/copades.com\/monec\/index.php?rest_route=%2Fwp%2Fv2%2Fmedia&parent=59581"}],"wp:term":[{"taxonomy":"category","embeddable":true,"href":"https:\/\/copades.com\/monec\/index.php?rest_route=%2Fwp%2Fv2%2Fcategories&post=59581"},{"taxonomy":"post_tag","embeddable":true,"href":"https:\/\/copades.com\/monec\/index.php?rest_route=%2Fwp%2Fv2%2Ftags&post=59581"}],"curies":[{"name":"wp","href":"https:\/\/api.w.org\/{rel}","templated":true}]}}