{"id":59905,"date":"2023-12-06T15:24:36","date_gmt":"2023-12-06T21:24:36","guid":{"rendered":"https:\/\/copades.com\/monec\/?p=59905"},"modified":"2023-12-06T15:24:36","modified_gmt":"2023-12-06T21:24:36","slug":"caida-de-sitios-web-dispara-las-alarmas","status":"publish","type":"post","link":"https:\/\/copades.com\/monec\/?p=59905","title":{"rendered":"Ca\u00edda de sitios web dispara las alarmas"},"content":{"rendered":"<p style=\"text-align: justify;\">Desde el lunes 27 de noviembre se report\u00f3 la ca\u00edda de las plataformas del Ministerio de Finanzas, la m\u00e1xima autoridad en la administraci\u00f3n de la pol\u00edtica fiscal en Guatemala. El problema persiste, y aunque las autoridades de esa cartera afirman que trabajan en solucionarlo, las dudas y cr\u00edticas aumentan. Las restricciones en los procesos de adquisiciones estatales en Guatecompras, operaciones en el Sistema de Contabilidad Integradas (Sicoin) y el Sistema Integrado de Administraci\u00f3n Financiera (SIAF) son tres plataformas que administra el Ministerio de Finanzas P\u00fablicas y que llevan 10 d\u00edas continuos con problemas para restablecerse. El Ministerio de Finanzas inform\u00f3 que, derivado de los recientes ataques cibern\u00e9ticos en su infraestructura inform\u00e1tica interna, que llev\u00f3 al aislamiento de los sistemas, incluido el de Informaci\u00f3n de Contrataciones y Adquisiciones del Estado (Guatecompras), dicha plataforma a\u00fan se encuentra en \u201ctrabajos exhaustivos\u201d por parte de la Direcci\u00f3n de Tecnolog\u00edas de la Informaci\u00f3n, como administrador de los recursos tecnol\u00f3gicos de esta cartera, con el objetivo de restablecer su funcionamiento. Adem\u00e1s, la Direcci\u00f3n General de Adquisiciones del Estado, como \u00f3rgano rector del sistema Guatecompras, public\u00f3 el lunes \u00faltimo en el Diario de Centro Am\u00e9rica la resoluci\u00f3n\u00a0\u00a0 023-2023, mediante la cual autoriza a las unidades ejecutoras no computar el per\u00edodo comprendido entre el martes 28 de noviembre al martes 5 de diciembre, \u00fanicamente para el registro y la publicaci\u00f3n de documentos que debieron efectuarse en ese lapso. (Prensa Libre 06.12.23)<\/p>\n","protected":false},"excerpt":{"rendered":"<p>Desde el lunes 27 de noviembre se report\u00f3 la ca\u00edda de las plataformas del Ministerio de Finanzas, la m\u00e1xima autoridad en la administraci\u00f3n de la pol\u00edtica fiscal en Guatemala. El problema persiste, y aunque&#46;&#46;&#46;<\/p>\n","protected":false},"author":1,"featured_media":58983,"comment_status":"open","ping_status":"closed","sticky":false,"template":"","format":"standard","meta":{"footnotes":""},"categories":[40],"tags":[],"class_list":["post-59905","post","type-post","status-publish","format-standard","has-post-thumbnail","hentry","category-compras-y-suministros-del-estado"],"_links":{"self":[{"href":"https:\/\/copades.com\/monec\/index.php?rest_route=\/wp\/v2\/posts\/59905","targetHints":{"allow":["GET"]}}],"collection":[{"href":"https:\/\/copades.com\/monec\/index.php?rest_route=\/wp\/v2\/posts"}],"about":[{"href":"https:\/\/copades.com\/monec\/index.php?rest_route=\/wp\/v2\/types\/post"}],"author":[{"embeddable":true,"href":"https:\/\/copades.com\/monec\/index.php?rest_route=\/wp\/v2\/users\/1"}],"replies":[{"embeddable":true,"href":"https:\/\/copades.com\/monec\/index.php?rest_route=%2Fwp%2Fv2%2Fcomments&post=59905"}],"version-history":[{"count":1,"href":"https:\/\/copades.com\/monec\/index.php?rest_route=\/wp\/v2\/posts\/59905\/revisions"}],"predecessor-version":[{"id":59906,"href":"https:\/\/copades.com\/monec\/index.php?rest_route=\/wp\/v2\/posts\/59905\/revisions\/59906"}],"wp:featuredmedia":[{"embeddable":true,"href":"https:\/\/copades.com\/monec\/index.php?rest_route=\/wp\/v2\/media\/58983"}],"wp:attachment":[{"href":"https:\/\/copades.com\/monec\/index.php?rest_route=%2Fwp%2Fv2%2Fmedia&parent=59905"}],"wp:term":[{"taxonomy":"category","embeddable":true,"href":"https:\/\/copades.com\/monec\/index.php?rest_route=%2Fwp%2Fv2%2Fcategories&post=59905"},{"taxonomy":"post_tag","embeddable":true,"href":"https:\/\/copades.com\/monec\/index.php?rest_route=%2Fwp%2Fv2%2Ftags&post=59905"}],"curies":[{"name":"wp","href":"https:\/\/api.w.org\/{rel}","templated":true}]}}