{"id":60361,"date":"2024-02-07T10:12:34","date_gmt":"2024-02-07T16:12:34","guid":{"rendered":"https:\/\/copades.com\/monec\/?p=60361"},"modified":"2024-02-07T10:12:34","modified_gmt":"2024-02-07T16:12:34","slug":"analizan-compras-conjuntas-ante-crisis-de-insumos-agricolas","status":"publish","type":"post","link":"https:\/\/copades.com\/monec\/?p=60361","title":{"rendered":"Analizan compras conjuntas ante crisis de insumos agr\u00edcolas"},"content":{"rendered":"<p style=\"text-align: justify;\">Acciones conjuntas para hacer frente a la crisis de los insumos agr\u00edcolas fueron analizadas por el Consejo de Ministros de Agricultura del Sistema de la Integraci\u00f3n Centroamericana (CAC). La iniciativa fue puesta sobre la mesa en el primer encuentro del a\u00f1o realizado en Roat\u00e1n, Honduras, en el cual particip\u00f3 el titular de Agricultura, Ganader\u00eda y Alimentaci\u00f3n (MAGA), Maynor Estrada, uno de los ponentes. Con esta actividad se \u201cconsolida la colaboraci\u00f3n y coordinaci\u00f3n regional, buscando soluciones para impulsar el desarrollo sostenible del sector agropecuario en el \u00e1rea\u201d, remarc\u00f3 el CAC. En el c\u00f3nclave se abordaron temas cr\u00edticos como la escasez de granos b\u00e1sicos, semillas y herramientas de labranza. Se discutieron estrategias como el uso de bioinsumos y la diversificaci\u00f3n de mercados. 2 entidades de las Naciones Unidas apoyan la iniciativa del \u00e1rea. Estos insumos, de concretarse la propuesta, ser\u00edan destinados a las familias que habitan en el Corredor Seco, el cual se extiende desde el sur de Chiapas, M\u00e9xico, l\u00edmite con Guatemala, hasta Guanacaste, Costa Rica. Otros t\u00f3picos La integraci\u00f3n econ\u00f3mica centroamericana y las acciones regionales desde el sector agropecuario tambi\u00e9n fueron examinadas en el c\u00f3nclave, en el que participaron representantes de la Organizaci\u00f3n de las Naciones Unidas para la Alimentaci\u00f3n y la Agricultura (FAO) y el Programa Mundial de Alimentos (PMA). (Diario de Centro Am\u00e9rica 07.02.24)<\/p>\n","protected":false},"excerpt":{"rendered":"<p>Acciones conjuntas para hacer frente a la crisis de los insumos agr\u00edcolas fueron analizadas por el Consejo de Ministros de Agricultura del Sistema de la Integraci\u00f3n Centroamericana (CAC). La iniciativa fue puesta sobre la&#46;&#46;&#46;<\/p>\n","protected":false},"author":1,"featured_media":51898,"comment_status":"open","ping_status":"closed","sticky":false,"template":"","format":"standard","meta":{"footnotes":""},"categories":[10],"tags":[],"class_list":["post-60361","post","type-post","status-publish","format-standard","has-post-thumbnail","hentry","category-agricultura"],"_links":{"self":[{"href":"https:\/\/copades.com\/monec\/index.php?rest_route=\/wp\/v2\/posts\/60361","targetHints":{"allow":["GET"]}}],"collection":[{"href":"https:\/\/copades.com\/monec\/index.php?rest_route=\/wp\/v2\/posts"}],"about":[{"href":"https:\/\/copades.com\/monec\/index.php?rest_route=\/wp\/v2\/types\/post"}],"author":[{"embeddable":true,"href":"https:\/\/copades.com\/monec\/index.php?rest_route=\/wp\/v2\/users\/1"}],"replies":[{"embeddable":true,"href":"https:\/\/copades.com\/monec\/index.php?rest_route=%2Fwp%2Fv2%2Fcomments&post=60361"}],"version-history":[{"count":1,"href":"https:\/\/copades.com\/monec\/index.php?rest_route=\/wp\/v2\/posts\/60361\/revisions"}],"predecessor-version":[{"id":60362,"href":"https:\/\/copades.com\/monec\/index.php?rest_route=\/wp\/v2\/posts\/60361\/revisions\/60362"}],"wp:featuredmedia":[{"embeddable":true,"href":"https:\/\/copades.com\/monec\/index.php?rest_route=\/wp\/v2\/media\/51898"}],"wp:attachment":[{"href":"https:\/\/copades.com\/monec\/index.php?rest_route=%2Fwp%2Fv2%2Fmedia&parent=60361"}],"wp:term":[{"taxonomy":"category","embeddable":true,"href":"https:\/\/copades.com\/monec\/index.php?rest_route=%2Fwp%2Fv2%2Fcategories&post=60361"},{"taxonomy":"post_tag","embeddable":true,"href":"https:\/\/copades.com\/monec\/index.php?rest_route=%2Fwp%2Fv2%2Ftags&post=60361"}],"curies":[{"name":"wp","href":"https:\/\/api.w.org\/{rel}","templated":true}]}}