{"id":60384,"date":"2024-02-13T09:56:39","date_gmt":"2024-02-13T15:56:39","guid":{"rendered":"https:\/\/copades.com\/monec\/?p=60384"},"modified":"2024-02-13T09:56:39","modified_gmt":"2024-02-13T15:56:39","slug":"guatemala-busca-el-dialogo-para-abrir-fronteras-mexicanas-para-el-camaron-nacional","status":"publish","type":"post","link":"https:\/\/copades.com\/monec\/?p=60384","title":{"rendered":"Guatemala busca el di\u00e1logo para abrir fronteras mexicanas para el camar\u00f3n nacional"},"content":{"rendered":"<p style=\"text-align: justify;\">Tras el anuncio del cierre de las fronteras mexicanas para la venta del camar\u00f3n nacional en ese pa\u00eds del norte, situaci\u00f3n que fue expuesta por el sector exportador, las autoridades guatemaltecas indicaron que se inici\u00f3 el di\u00e1logo con sus hom\u00f3logos para encontrar una soluci\u00f3n. \u00abAnte el bloqueo de las importaciones de camarones de Guatemala hacia el mercado mexicano, ocasionado por el cierre de la aduana ubicada en Ciudad Hidalgo, Chiapas, el Ministerio de Econom\u00eda mantiene conversaciones t\u00e9cnicas con sus hom\u00f3logos de la Secretar\u00eda de Econom\u00eda y del Servicio Nacional de Sanidad, Inocuidad y Calidad Agroalimentaria (SENASICA) de M\u00e9xico\u00bb, puntualiz\u00f3 el Ministerio de Econom\u00eda a trav\u00e9s de un comunicado. El objetivo de estas conversaciones es encontrar una soluci\u00f3n r\u00e1pida que permita la pronta reapertura de la frontera. El bloqueo de las fronteras afecta la competitividad del pa\u00eds y a la vez pone en riesgo m\u00e1s de 5 mil empleos que se dedican a dicha actividad comercial, expuso la Asociaci\u00f3n Guatemalteca de Exportadores (Agexport). Seg\u00fan la cartera de Econom\u00eda, la medida de bloqueo se tom\u00f3 para prevenir la triangulaci\u00f3n del producto desde Ecuador hacia el mercado mexicano. \u00abEs importante tomar en cuenta que la acci\u00f3n de las autoridades de M\u00e9xico ha afectado a todos los pa\u00edses centroamericanos que, bajo el Tratado de Libre Comercio (TLC) vigente con ese pa\u00eds, comercializan camar\u00f3n con importadores mexicanos\u00bb. (LH 13.02.24)<\/p>\n","protected":false},"excerpt":{"rendered":"<p>Tras el anuncio del cierre de las fronteras mexicanas para la venta del camar\u00f3n nacional en ese pa\u00eds del norte, situaci\u00f3n que fue expuesta por el sector exportador, las autoridades guatemaltecas indicaron que se&#46;&#46;&#46;<\/p>\n","protected":false},"author":1,"featured_media":60277,"comment_status":"open","ping_status":"closed","sticky":false,"template":"","format":"standard","meta":{"footnotes":""},"categories":[33],"tags":[],"class_list":["post-60384","post","type-post","status-publish","format-standard","has-post-thumbnail","hentry","category-exportaciones-no-tradicionales-al-resto-del-mundo"],"_links":{"self":[{"href":"https:\/\/copades.com\/monec\/index.php?rest_route=\/wp\/v2\/posts\/60384","targetHints":{"allow":["GET"]}}],"collection":[{"href":"https:\/\/copades.com\/monec\/index.php?rest_route=\/wp\/v2\/posts"}],"about":[{"href":"https:\/\/copades.com\/monec\/index.php?rest_route=\/wp\/v2\/types\/post"}],"author":[{"embeddable":true,"href":"https:\/\/copades.com\/monec\/index.php?rest_route=\/wp\/v2\/users\/1"}],"replies":[{"embeddable":true,"href":"https:\/\/copades.com\/monec\/index.php?rest_route=%2Fwp%2Fv2%2Fcomments&post=60384"}],"version-history":[{"count":1,"href":"https:\/\/copades.com\/monec\/index.php?rest_route=\/wp\/v2\/posts\/60384\/revisions"}],"predecessor-version":[{"id":60385,"href":"https:\/\/copades.com\/monec\/index.php?rest_route=\/wp\/v2\/posts\/60384\/revisions\/60385"}],"wp:featuredmedia":[{"embeddable":true,"href":"https:\/\/copades.com\/monec\/index.php?rest_route=\/wp\/v2\/media\/60277"}],"wp:attachment":[{"href":"https:\/\/copades.com\/monec\/index.php?rest_route=%2Fwp%2Fv2%2Fmedia&parent=60384"}],"wp:term":[{"taxonomy":"category","embeddable":true,"href":"https:\/\/copades.com\/monec\/index.php?rest_route=%2Fwp%2Fv2%2Fcategories&post=60384"},{"taxonomy":"post_tag","embeddable":true,"href":"https:\/\/copades.com\/monec\/index.php?rest_route=%2Fwp%2Fv2%2Ftags&post=60384"}],"curies":[{"name":"wp","href":"https:\/\/api.w.org\/{rel}","templated":true}]}}