{"id":60386,"date":"2024-02-13T09:57:30","date_gmt":"2024-02-13T15:57:30","guid":{"rendered":"https:\/\/copades.com\/monec\/?p=60386"},"modified":"2024-02-13T09:57:30","modified_gmt":"2024-02-13T15:57:30","slug":"farmaceuticas-de-india-buscan-invertir-en-la-region","status":"publish","type":"post","link":"https:\/\/copades.com\/monec\/?p=60386","title":{"rendered":"Farmac\u00e9uticas de India buscan invertir en la regi\u00f3n"},"content":{"rendered":"<p style=\"text-align: justify;\">La India, como segundo socio comercial m\u00e1s importante de Guatemala para proveer productos farmac\u00e9uticos, despu\u00e9s de B\u00e9lgica, busca invertir m\u00e1s en el pa\u00eds, destac\u00f3 ayer el embajador de la naci\u00f3n asi\u00e1tica, <strong>Manoj Kumar<\/strong>. \u201cQueremos buscar d\u00f3nde ir a explorar y salir del mercado com\u00fan y hacer nuestras propias fabricas ac\u00e1\u201d, se\u00f1al\u00f3 el diplom\u00e1tico, al asegurar que la rep\u00fablica tiene oportunidades para este sector. Y, en ese contexto, anunci\u00f3 que se promueve la feria Iphex Latam, para el 19 y 20 de febrero pr\u00f3ximos, la cual contar\u00e1 con la asistencia de 82 empresas que tienen intenci\u00f3n de posicionarse en el latinoamericano. Cristian Mayorga, director de la C\u00e1mara de Comercio de Guatemala (CCG), calific\u00f3 la iniciativa como positiva porque tendr\u00eda impacto en la generaci\u00f3n de empleo, ya que la importaci\u00f3n farmac\u00e9utica aumenta a\u00f1o con a\u00f1o. (Diario de Centro Am\u00e9rica 13.02.24)<\/p>\n","protected":false},"excerpt":{"rendered":"<p>La India, como segundo socio comercial m\u00e1s importante de Guatemala para proveer productos farmac\u00e9uticos, despu\u00e9s de B\u00e9lgica, busca invertir m\u00e1s en el pa\u00eds, destac\u00f3 ayer el embajador de la naci\u00f3n asi\u00e1tica, Manoj Kumar. \u201cQueremos&#46;&#46;&#46;<\/p>\n","protected":false},"author":1,"featured_media":58657,"comment_status":"open","ping_status":"closed","sticky":false,"template":"","format":"standard","meta":{"footnotes":""},"categories":[928],"tags":[],"class_list":["post-60386","post","type-post","status-publish","format-standard","has-post-thumbnail","hentry","category-inversion-extranjera-actividad-productiva"],"_links":{"self":[{"href":"https:\/\/copades.com\/monec\/index.php?rest_route=\/wp\/v2\/posts\/60386","targetHints":{"allow":["GET"]}}],"collection":[{"href":"https:\/\/copades.com\/monec\/index.php?rest_route=\/wp\/v2\/posts"}],"about":[{"href":"https:\/\/copades.com\/monec\/index.php?rest_route=\/wp\/v2\/types\/post"}],"author":[{"embeddable":true,"href":"https:\/\/copades.com\/monec\/index.php?rest_route=\/wp\/v2\/users\/1"}],"replies":[{"embeddable":true,"href":"https:\/\/copades.com\/monec\/index.php?rest_route=%2Fwp%2Fv2%2Fcomments&post=60386"}],"version-history":[{"count":1,"href":"https:\/\/copades.com\/monec\/index.php?rest_route=\/wp\/v2\/posts\/60386\/revisions"}],"predecessor-version":[{"id":60387,"href":"https:\/\/copades.com\/monec\/index.php?rest_route=\/wp\/v2\/posts\/60386\/revisions\/60387"}],"wp:featuredmedia":[{"embeddable":true,"href":"https:\/\/copades.com\/monec\/index.php?rest_route=\/wp\/v2\/media\/58657"}],"wp:attachment":[{"href":"https:\/\/copades.com\/monec\/index.php?rest_route=%2Fwp%2Fv2%2Fmedia&parent=60386"}],"wp:term":[{"taxonomy":"category","embeddable":true,"href":"https:\/\/copades.com\/monec\/index.php?rest_route=%2Fwp%2Fv2%2Fcategories&post=60386"},{"taxonomy":"post_tag","embeddable":true,"href":"https:\/\/copades.com\/monec\/index.php?rest_route=%2Fwp%2Fv2%2Ftags&post=60386"}],"curies":[{"name":"wp","href":"https:\/\/api.w.org\/{rel}","templated":true}]}}