{"id":60388,"date":"2024-02-13T09:58:44","date_gmt":"2024-02-13T15:58:44","guid":{"rendered":"https:\/\/copades.com\/monec\/?p=60388"},"modified":"2024-02-13T09:58:44","modified_gmt":"2024-02-13T15:58:44","slug":"fenomeno-de-el-nino-insivumeh-preve-altas-temperaturas-entre-marzo-y-abril","status":"publish","type":"post","link":"https:\/\/copades.com\/monec\/?p=60388","title":{"rendered":"Fen\u00f3meno de El Ni\u00f1o: Insivumeh prev\u00e9 altas temperaturas entre marzo y abril"},"content":{"rendered":"<p style=\"text-align: justify;\">Guatemala est\u00e1 siendo afectada por las condiciones generadas por el fen\u00f3meno clim\u00e1tico de El Ni\u00f1o, por lo que durante estos meses se dejar\u00e1n sentir altas temperaturas. Si bien, el pa\u00eds se encuentra en la temporada fr\u00eda, a causa del fen\u00f3meno del Ni\u00f1o se han presentado altas temperaturas. C\u00e9sar George, jefe de Meteorolog\u00eda del Instituto Nacional de Sismolog\u00eda, Vulcanolog\u00eda, Meteorolog\u00eda e Hidrolog\u00eda (Insivumeh) refiere que durante el fin de semana pasado, se registraron temperaturas de 40\u00b0C en la zona oriental, como en el departamento de Zacapa. La persistencia del citado fen\u00f3meno logr\u00f3 su punto m\u00e1s alto durante diciembre de 2023 y enero de 2024. Sin embargo, de acuerdo con los modelos de observaci\u00f3n, se espera persistencia de las condiciones de El Ni\u00f1o hasta el segundo trimestre del 2024. George comparti\u00f3 una gr\u00e1fica donde se observan las probabilidades de la presencia de El Ni\u00f1o y La Ni\u00f1a. La barra roja representa a El Ni\u00f1o, la barra gris las condiciones neutras, es decir no habr\u00eda presencia de El Ni\u00f1o ni de La Ni\u00f1a. La barra azul representa al fen\u00f3meno de La Ni\u00f1a. El experto explica que se puede ver en el gr\u00e1fico que para abril y mayo puede ir desapareciendo El Ni\u00f1o. Esto incrementa la posibilidad de condiciones neutras y para la segunda parte de \u00e9poca lluviosa agosto y octubre aumentan las probabilidades de La Ni\u00f1a. (La Hora 13.02.24)<\/p>\n","protected":false},"excerpt":{"rendered":"<p>Guatemala est\u00e1 siendo afectada por las condiciones generadas por el fen\u00f3meno clim\u00e1tico de El Ni\u00f1o, por lo que durante estos meses se dejar\u00e1n sentir altas temperaturas. Si bien, el pa\u00eds se encuentra en la&#46;&#46;&#46;<\/p>\n","protected":false},"author":1,"featured_media":56456,"comment_status":"open","ping_status":"closed","sticky":false,"template":"","format":"standard","meta":{"footnotes":""},"categories":[48],"tags":[],"class_list":["post-60388","post","type-post","status-publish","format-standard","has-post-thumbnail","hentry","category-medio-ambiente"],"_links":{"self":[{"href":"https:\/\/copades.com\/monec\/index.php?rest_route=\/wp\/v2\/posts\/60388","targetHints":{"allow":["GET"]}}],"collection":[{"href":"https:\/\/copades.com\/monec\/index.php?rest_route=\/wp\/v2\/posts"}],"about":[{"href":"https:\/\/copades.com\/monec\/index.php?rest_route=\/wp\/v2\/types\/post"}],"author":[{"embeddable":true,"href":"https:\/\/copades.com\/monec\/index.php?rest_route=\/wp\/v2\/users\/1"}],"replies":[{"embeddable":true,"href":"https:\/\/copades.com\/monec\/index.php?rest_route=%2Fwp%2Fv2%2Fcomments&post=60388"}],"version-history":[{"count":1,"href":"https:\/\/copades.com\/monec\/index.php?rest_route=\/wp\/v2\/posts\/60388\/revisions"}],"predecessor-version":[{"id":60389,"href":"https:\/\/copades.com\/monec\/index.php?rest_route=\/wp\/v2\/posts\/60388\/revisions\/60389"}],"wp:featuredmedia":[{"embeddable":true,"href":"https:\/\/copades.com\/monec\/index.php?rest_route=\/wp\/v2\/media\/56456"}],"wp:attachment":[{"href":"https:\/\/copades.com\/monec\/index.php?rest_route=%2Fwp%2Fv2%2Fmedia&parent=60388"}],"wp:term":[{"taxonomy":"category","embeddable":true,"href":"https:\/\/copades.com\/monec\/index.php?rest_route=%2Fwp%2Fv2%2Fcategories&post=60388"},{"taxonomy":"post_tag","embeddable":true,"href":"https:\/\/copades.com\/monec\/index.php?rest_route=%2Fwp%2Fv2%2Ftags&post=60388"}],"curies":[{"name":"wp","href":"https:\/\/api.w.org\/{rel}","templated":true}]}}