{"id":60696,"date":"2024-03-15T10:43:48","date_gmt":"2024-03-15T16:43:48","guid":{"rendered":"https:\/\/copades.com\/monec\/?p=60696"},"modified":"2024-03-15T10:43:48","modified_gmt":"2024-03-15T16:43:48","slug":"proponen-crear-un-fondo-minero-para-comunidades","status":"publish","type":"post","link":"https:\/\/copades.com\/monec\/?p=60696","title":{"rendered":"Proponen crear un fondo minero para comunidades"},"content":{"rendered":"<p style=\"text-align: justify;\">El sector minero del pa\u00eds present\u00f3 al Gobierno su propuesta de acciones denominada \u201cAcelerar el desarrollo a trav\u00e9s del aprovechamiento responsable de los recursos\u201d, que est\u00e1 constituida por tres puntos espec\u00edficos enfocados en esa actividad y amparados por una reforma a la pol\u00edtica minera. La directora ejecutiva de la Gremial de Recursos Naturales, Minas y Canteras (Grenat), <strong>Valery Zurita<\/strong>, explic\u00f3 las tres acciones que consisten en: <strong>Fondo minero<\/strong>: Crear un fondo minero que pueda ser usado para captar los fondos que los proyectos mineros aportan al Estado y poder trasladarlos de manera m\u00e1s transparente hacia las comunidades mineras. La propuesta es que el fondo sea administrado por el Ministerio de Energ\u00eda y Minas (MEM)\u00a0 y por el de Finanzas. Es decir que las empresas mineras realizan el pago de regal\u00edas al Estado, el MEM determina las estimaciones de ingresos definitivos. Luego el Minfin recibe ese informe y realiza el c\u00e1lculo de distribuci\u00f3n de los fondos a los beneficiarios que ser\u00edan dos: los Consejos Departamentales de Desarrollo y las entidades p\u00fablicas que se definan al momento de crear el Fondo. <strong>Implementar est\u00e1ndares<\/strong>: El segundo punto es el tema de sostenibilidad y la propuesta es que el Gobierno pueda sumarse tambi\u00e9n al est\u00e1ndar de sostenibilidad minera que el sector ha adoptado. <strong>Verificaci\u00f3n y transparencia<\/strong>: Y el tercer punto se refiere al tema de la transparencia, para la que se solicita fortalecer la Iniciativa para la Transparencia de las Industrias Extractivas (Eiti) a la que el pa\u00eds se adhiri\u00f3 hace a\u00f1os y para ello se debe renovar el acuerdo gubernativo que establece su implementaci\u00f3n en el pa\u00eds. (Prensa Libre 15.03.24)<\/p>\n","protected":false},"excerpt":{"rendered":"<p>El sector minero del pa\u00eds present\u00f3 al Gobierno su propuesta de acciones denominada \u201cAcelerar el desarrollo a trav\u00e9s del aprovechamiento responsable de los recursos\u201d, que est\u00e1 constituida por tres puntos espec\u00edficos enfocados en esa&#46;&#46;&#46;<\/p>\n","protected":false},"author":1,"featured_media":58915,"comment_status":"open","ping_status":"closed","sticky":false,"template":"","format":"standard","meta":{"footnotes":""},"categories":[19],"tags":[],"class_list":["post-60696","post","type-post","status-publish","format-standard","has-post-thumbnail","hentry","category-minas-y-canteras"],"_links":{"self":[{"href":"https:\/\/copades.com\/monec\/index.php?rest_route=\/wp\/v2\/posts\/60696","targetHints":{"allow":["GET"]}}],"collection":[{"href":"https:\/\/copades.com\/monec\/index.php?rest_route=\/wp\/v2\/posts"}],"about":[{"href":"https:\/\/copades.com\/monec\/index.php?rest_route=\/wp\/v2\/types\/post"}],"author":[{"embeddable":true,"href":"https:\/\/copades.com\/monec\/index.php?rest_route=\/wp\/v2\/users\/1"}],"replies":[{"embeddable":true,"href":"https:\/\/copades.com\/monec\/index.php?rest_route=%2Fwp%2Fv2%2Fcomments&post=60696"}],"version-history":[{"count":1,"href":"https:\/\/copades.com\/monec\/index.php?rest_route=\/wp\/v2\/posts\/60696\/revisions"}],"predecessor-version":[{"id":60697,"href":"https:\/\/copades.com\/monec\/index.php?rest_route=\/wp\/v2\/posts\/60696\/revisions\/60697"}],"wp:featuredmedia":[{"embeddable":true,"href":"https:\/\/copades.com\/monec\/index.php?rest_route=\/wp\/v2\/media\/58915"}],"wp:attachment":[{"href":"https:\/\/copades.com\/monec\/index.php?rest_route=%2Fwp%2Fv2%2Fmedia&parent=60696"}],"wp:term":[{"taxonomy":"category","embeddable":true,"href":"https:\/\/copades.com\/monec\/index.php?rest_route=%2Fwp%2Fv2%2Fcategories&post=60696"},{"taxonomy":"post_tag","embeddable":true,"href":"https:\/\/copades.com\/monec\/index.php?rest_route=%2Fwp%2Fv2%2Ftags&post=60696"}],"curies":[{"name":"wp","href":"https:\/\/api.w.org\/{rel}","templated":true}]}}