{"id":61230,"date":"2024-05-23T10:02:03","date_gmt":"2024-05-23T16:02:03","guid":{"rendered":"https:\/\/copades.com\/monec\/?p=61230"},"modified":"2024-05-23T10:02:03","modified_gmt":"2024-05-23T16:02:03","slug":"por-que-la-reina-de-espana-ira-a-guatemala-en-la-primera-semana-de-junio","status":"publish","type":"post","link":"https:\/\/copades.com\/monec\/?p=61230","title":{"rendered":"\u00bfPor qu\u00e9 la reina de Espa\u00f1a ir\u00e1 a Guatemala en la primera semana de junio?"},"content":{"rendered":"<p style=\"text-align: justify;\">El viaje de la reina tiene lugar despu\u00e9s de la visita oficial que el presidente de Guatemala, <strong>Bernardo Ar\u00e9valo de Le\u00f3n<\/strong>, hizo a Espa\u00f1a junto a su esposa, <strong>Lucrecia Peinado<\/strong>, quien se espera que la acompa\u00f1e en algunas de las visitas de su programa. La reina de Espa\u00f1a, Letizia, volver\u00e1 a enfundarse el chaleco rojo de la cooperaci\u00f3n espa\u00f1ola en el viaje que har\u00e1 a Guatemala entre los pr\u00f3ximos 4 y 6 de junio para conocer algunos de los proyectos de desarrollo en este pa\u00eds centroamericano. Seg\u00fan inform\u00f3 este jueves el Ministerio de Asuntos Exteriores de Espa\u00f1a, la secretaria de Estado espa\u00f1ola de Cooperaci\u00f3n Internacional, <strong>Eva Granados<\/strong>, acompa\u00f1ar\u00e1 a Letizia en la que ser\u00e1 la novena ocasi\u00f3n en la que la esposa de Felipe VI protagonice un viaje de cooperaci\u00f3n como reina desde que se estren\u00f3 en Honduras y El Salvador en 2015. El \u00faltimo fue a Colombia en junio del pasado a\u00f1o, por lo que repite en Am\u00e9rica Latina, donde tambi\u00e9n ha estado en Rep\u00fablica Dominicana y Hait\u00ed (2018), de nuevo en Honduras (2020) y Paraguay (2021). La cooperaci\u00f3n espa\u00f1ola en Guatemala est\u00e1 centrada en \u00e1reas como el apoyo a la lucha contra la desnutrici\u00f3n infantil, la igualdad de g\u00e9nero, con especial incidencia en pueblos ind\u00edgenas, el acceso a agua potable y el fortalecimiento de las instituciones democr\u00e1ticas. (eleconomista.net 23.05.24)<\/p>\n","protected":false},"excerpt":{"rendered":"<p>El viaje de la reina tiene lugar despu\u00e9s de la visita oficial que el presidente de Guatemala, Bernardo Ar\u00e9valo de Le\u00f3n, hizo a Espa\u00f1a junto a su esposa, Lucrecia Peinado, quien se espera que&#46;&#46;&#46;<\/p>\n","protected":false},"author":1,"featured_media":58191,"comment_status":"open","ping_status":"closed","sticky":false,"template":"","format":"standard","meta":{"footnotes":""},"categories":[44],"tags":[],"class_list":["post-61230","post","type-post","status-publish","format-standard","has-post-thumbnail","hentry","category-cooperacion-internacional"],"_links":{"self":[{"href":"https:\/\/copades.com\/monec\/index.php?rest_route=\/wp\/v2\/posts\/61230","targetHints":{"allow":["GET"]}}],"collection":[{"href":"https:\/\/copades.com\/monec\/index.php?rest_route=\/wp\/v2\/posts"}],"about":[{"href":"https:\/\/copades.com\/monec\/index.php?rest_route=\/wp\/v2\/types\/post"}],"author":[{"embeddable":true,"href":"https:\/\/copades.com\/monec\/index.php?rest_route=\/wp\/v2\/users\/1"}],"replies":[{"embeddable":true,"href":"https:\/\/copades.com\/monec\/index.php?rest_route=%2Fwp%2Fv2%2Fcomments&post=61230"}],"version-history":[{"count":1,"href":"https:\/\/copades.com\/monec\/index.php?rest_route=\/wp\/v2\/posts\/61230\/revisions"}],"predecessor-version":[{"id":61231,"href":"https:\/\/copades.com\/monec\/index.php?rest_route=\/wp\/v2\/posts\/61230\/revisions\/61231"}],"wp:featuredmedia":[{"embeddable":true,"href":"https:\/\/copades.com\/monec\/index.php?rest_route=\/wp\/v2\/media\/58191"}],"wp:attachment":[{"href":"https:\/\/copades.com\/monec\/index.php?rest_route=%2Fwp%2Fv2%2Fmedia&parent=61230"}],"wp:term":[{"taxonomy":"category","embeddable":true,"href":"https:\/\/copades.com\/monec\/index.php?rest_route=%2Fwp%2Fv2%2Fcategories&post=61230"},{"taxonomy":"post_tag","embeddable":true,"href":"https:\/\/copades.com\/monec\/index.php?rest_route=%2Fwp%2Fv2%2Ftags&post=61230"}],"curies":[{"name":"wp","href":"https:\/\/api.w.org\/{rel}","templated":true}]}}