{"id":61586,"date":"2024-07-05T10:11:59","date_gmt":"2024-07-05T16:11:59","guid":{"rendered":"https:\/\/copades.com\/monec\/?p=61586"},"modified":"2024-07-05T10:11:59","modified_gmt":"2024-07-05T16:11:59","slug":"crisis-en-el-circuito-productivo-de-la-costa-sur-obliga-a-cambiar-la-logistica-empresarial","status":"publish","type":"post","link":"https:\/\/copades.com\/monec\/?p=61586","title":{"rendered":"Crisis en el circuito productivo de la Costa Sur obliga a cambiar la log\u00edstica empresarial"},"content":{"rendered":"<p style=\"text-align: justify;\">El sistema de producci\u00f3n de f\u00e1bricas, centros de distribuci\u00f3n masiva y minorista, almacenes fiscales o zonas francas, empresas de servicios, y la conexi\u00f3n portuaria y hacia las fronteras, se han visto afectados por los da\u00f1os en la Autopista Pal\u00edn Escuintla y otras rutas ocasionadas por las lluvias. La cadena log\u00edstica del pa\u00eds, sobre todo hacia la Costa Sur y viceversa, ha representado trayectos de hasta ocho horas para los medios de transporte pesado, debido a la congesti\u00f3n y mal estado de las rutas alternas habilitadas (la RN 14 y la antigua carretera de Pal\u00edn a Escuintla), mientras avanzan los trabajos de reparaci\u00f3n. De acuerdo con los c\u00e1lculos oficiales y la planificaci\u00f3n que han realizado las empresas y representantes de c\u00e1maras empresariales, estos podr\u00edan concluir hasta dentro de unos 60 d\u00edas, lo que ha obligado a adoptar medidas de contingencia. La afectaci\u00f3n es a nivel micro por la incidencia en las actividades diarias de las personas y puede ser macro, en el sentido de que afecta a nivel de la econom\u00eda. Incluso, el ministro F\u00e9lix Alvarado reconoci\u00f3 la necesidad urgente de atender el tramo indicado, con prioridad, ya que afecta y amenaza a la econom\u00eda del pa\u00eds a nivel local y en t\u00e9rminos de importaciones y exportaciones. Consultadas diversas entidades sobre los efectos negativos de esta situaci\u00f3n y las medidas que est\u00e1n tomando desde su actividad particular, las respuestas son amplias: Para la C\u00e1mara de Comercio de Guatemala (CCG) como \u00fanica medida alternativa las empresas han explorado y utilizado rutas alternas, a pesar de la congesti\u00f3n y colapso moment\u00e1neo, por no estar dise\u00f1adas para tr\u00e1fico pesado. As\u00ed que considera importante contar con informaci\u00f3n constante sobre los pasos habilitados. <strong>Fernando Orellana<\/strong> <strong>Wer<\/strong>, director ejecutivo de la C\u00e1mara Guatemalteca de la Construcci\u00f3n (CGC) coment\u00f3 que lamentablemente, no quedan m\u00e1s opciones que utilizar dichas rutas alternas, ya que \u201cla construcci\u00f3n es un sector en el que el trabajo a distancia no es una opci\u00f3n, por lo que dependemos directamente de la movilidad eficiente para operar\u201d. (Prensa Libre 05.07.24)<\/p>\n","protected":false},"excerpt":{"rendered":"<p>El sistema de producci\u00f3n de f\u00e1bricas, centros de distribuci\u00f3n masiva y minorista, almacenes fiscales o zonas francas, empresas de servicios, y la conexi\u00f3n portuaria y hacia las fronteras, se han visto afectados por los&#46;&#46;&#46;<\/p>\n","protected":false},"author":1,"featured_media":53757,"comment_status":"open","ping_status":"closed","sticky":false,"template":"","format":"standard","meta":{"footnotes":""},"categories":[22],"tags":[],"class_list":["post-61586","post","type-post","status-publish","format-standard","has-post-thumbnail","hentry","category-transporte-y-almacenamiento"],"_links":{"self":[{"href":"https:\/\/copades.com\/monec\/index.php?rest_route=\/wp\/v2\/posts\/61586","targetHints":{"allow":["GET"]}}],"collection":[{"href":"https:\/\/copades.com\/monec\/index.php?rest_route=\/wp\/v2\/posts"}],"about":[{"href":"https:\/\/copades.com\/monec\/index.php?rest_route=\/wp\/v2\/types\/post"}],"author":[{"embeddable":true,"href":"https:\/\/copades.com\/monec\/index.php?rest_route=\/wp\/v2\/users\/1"}],"replies":[{"embeddable":true,"href":"https:\/\/copades.com\/monec\/index.php?rest_route=%2Fwp%2Fv2%2Fcomments&post=61586"}],"version-history":[{"count":1,"href":"https:\/\/copades.com\/monec\/index.php?rest_route=\/wp\/v2\/posts\/61586\/revisions"}],"predecessor-version":[{"id":61587,"href":"https:\/\/copades.com\/monec\/index.php?rest_route=\/wp\/v2\/posts\/61586\/revisions\/61587"}],"wp:featuredmedia":[{"embeddable":true,"href":"https:\/\/copades.com\/monec\/index.php?rest_route=\/wp\/v2\/media\/53757"}],"wp:attachment":[{"href":"https:\/\/copades.com\/monec\/index.php?rest_route=%2Fwp%2Fv2%2Fmedia&parent=61586"}],"wp:term":[{"taxonomy":"category","embeddable":true,"href":"https:\/\/copades.com\/monec\/index.php?rest_route=%2Fwp%2Fv2%2Fcategories&post=61586"},{"taxonomy":"post_tag","embeddable":true,"href":"https:\/\/copades.com\/monec\/index.php?rest_route=%2Fwp%2Fv2%2Ftags&post=61586"}],"curies":[{"name":"wp","href":"https:\/\/api.w.org\/{rel}","templated":true}]}}