{"id":61588,"date":"2024-07-05T10:12:28","date_gmt":"2024-07-05T16:12:28","guid":{"rendered":"https:\/\/copades.com\/monec\/?p=61588"},"modified":"2024-07-05T10:12:28","modified_gmt":"2024-07-05T16:12:28","slug":"el-salvador-implementara-uso-de-la-factura-y-declaracion-unica-centroamericana-en-sus-puestos-fronterizos","status":"publish","type":"post","link":"https:\/\/copades.com\/monec\/?p=61588","title":{"rendered":"El Salvador implementar\u00e1 uso de la Factura y Declaraci\u00f3n \u00danica Centroamericana en sus puestos fronterizos"},"content":{"rendered":"<p style=\"text-align: justify;\">Siete a\u00f1os despu\u00e9s de haber expresado su inter\u00e9s por formar parte del proceso de integraci\u00f3n profunda que emprendieron Guatemala y Honduras en 2017, El Salvador indic\u00f3 que ha culminado con la negociaci\u00f3n para sumarse a esta iniciativa. Tras el acuerdo, El Salvador implementar\u00e1 el uso de la Factura y Declaraci\u00f3n \u00danica Centroamericana (FYDUCA), un documento que sirve para registrar las exportaciones (transferencias) e importaciones (adquisiciones) de mercanc\u00edas con libre circulaci\u00f3n, y que permite la transmisi\u00f3n electr\u00f3nica y en tiempo real del pago de impuestos en el pa\u00eds de destino. \u201cConcluimos exitosamente las negociaciones para que los productos salvadore\u00f1os gocen de libre circulaci\u00f3n en los puestos fronterizos que compartimos con Guatemala y Honduras\u201d, anunci\u00f3 la ministra de Econom\u00eda, <strong>Mar\u00eda Luisa Hayem<\/strong>, la semana pasada en la red social X. La funcionaria dijo que el acuerdo permitir\u00e1 que alrededor del 90% de los productos salvadore\u00f1os podr\u00e1n cruzar las fronteras \u201cde manera r\u00e1pida, reduciendo los costos log\u00edsticos de las empresas y mitigando el alza de precios de los productos que compran nuestros consumidores\u201d.\u00a0 Hayem detall\u00f3 que los productos incluidos en esta iniciativa tendr\u00e1n que utilizar la FYDUCA en las fronteras \u201cy pasar\u00e1n de un pa\u00eds a otro solo con la lectura de un c\u00f3digo QR\u201d. La implementaci\u00f3n ser\u00e1 gradual en las fronteras que El Salvador comparte con Guatemala y Honduras, iniciando en el puesto fronterizo integrado de El Amatillo, en La Uni\u00f3n. Hayem no mencion\u00f3 una fecha espec\u00edfica para el inici\u00f3 de la medida. A finales de 2023, funcionarios de gobierno informaron que en diciembre pasado realizar\u00edan las pruebas de transmisi\u00f3n con la FYDUCA y que enero de este a\u00f1o estaba previsto el inicio de operaciones con este documento. (eleconomista.net 05.07.24)<\/p>\n","protected":false},"excerpt":{"rendered":"<p>Siete a\u00f1os despu\u00e9s de haber expresado su inter\u00e9s por formar parte del proceso de integraci\u00f3n profunda que emprendieron Guatemala y Honduras en 2017, El Salvador indic\u00f3 que ha culminado con la negociaci\u00f3n para sumarse&#46;&#46;&#46;<\/p>\n","protected":false},"author":1,"featured_media":59277,"comment_status":"open","ping_status":"closed","sticky":false,"template":"","format":"standard","meta":{"footnotes":""},"categories":[54],"tags":[],"class_list":["post-61588","post","type-post","status-publish","format-standard","has-post-thumbnail","hentry","category-centroamerica-seleccion"],"_links":{"self":[{"href":"https:\/\/copades.com\/monec\/index.php?rest_route=\/wp\/v2\/posts\/61588","targetHints":{"allow":["GET"]}}],"collection":[{"href":"https:\/\/copades.com\/monec\/index.php?rest_route=\/wp\/v2\/posts"}],"about":[{"href":"https:\/\/copades.com\/monec\/index.php?rest_route=\/wp\/v2\/types\/post"}],"author":[{"embeddable":true,"href":"https:\/\/copades.com\/monec\/index.php?rest_route=\/wp\/v2\/users\/1"}],"replies":[{"embeddable":true,"href":"https:\/\/copades.com\/monec\/index.php?rest_route=%2Fwp%2Fv2%2Fcomments&post=61588"}],"version-history":[{"count":1,"href":"https:\/\/copades.com\/monec\/index.php?rest_route=\/wp\/v2\/posts\/61588\/revisions"}],"predecessor-version":[{"id":61589,"href":"https:\/\/copades.com\/monec\/index.php?rest_route=\/wp\/v2\/posts\/61588\/revisions\/61589"}],"wp:featuredmedia":[{"embeddable":true,"href":"https:\/\/copades.com\/monec\/index.php?rest_route=\/wp\/v2\/media\/59277"}],"wp:attachment":[{"href":"https:\/\/copades.com\/monec\/index.php?rest_route=%2Fwp%2Fv2%2Fmedia&parent=61588"}],"wp:term":[{"taxonomy":"category","embeddable":true,"href":"https:\/\/copades.com\/monec\/index.php?rest_route=%2Fwp%2Fv2%2Fcategories&post=61588"},{"taxonomy":"post_tag","embeddable":true,"href":"https:\/\/copades.com\/monec\/index.php?rest_route=%2Fwp%2Fv2%2Ftags&post=61588"}],"curies":[{"name":"wp","href":"https:\/\/api.w.org\/{rel}","templated":true}]}}