{"id":61590,"date":"2024-07-05T10:12:52","date_gmt":"2024-07-05T16:12:52","guid":{"rendered":"https:\/\/copades.com\/monec\/?p=61590"},"modified":"2024-07-05T10:12:52","modified_gmt":"2024-07-05T16:12:52","slug":"el-desempleo-en-costa-rica-baja-en-mayo-de-2024","status":"publish","type":"post","link":"https:\/\/copades.com\/monec\/?p=61590","title":{"rendered":"El desempleo en Costa Rica baja en mayo de 2024"},"content":{"rendered":"<p style=\"text-align: justify;\">Costa Rica registr\u00f3 un desempleo del 8.5 % en mayo de 2024, una cifra 1.6 puntos porcentuales menor a la de ese mismo periodo del a\u00f1o anterior, revel\u00f3 este jueves el Instituto Nacional de Estad\u00edstica y Censos (INEC). La Encuesta Continua de Empleo del INEC para el trimestre que comprende marzo, abril y mayo, muestra que la poblaci\u00f3n desempleada se estim\u00f3 en 199,000 personas, de estas 115,000 son hombres y 84,000 mujeres. En comparaci\u00f3n con el mismo periodo del a\u00f1o anterior, la poblaci\u00f3n desempleada nacional disminuy\u00f3 en 34,000 personas. \u00abPara el trimestre enero, febrero y marzo 2022 se present\u00f3 la tasa m\u00e1s alta de ese a\u00f1o y fue del 13.6 %. Para 2023 la tasa de desempleo m\u00e1s alta se present\u00f3 en el trimestre enero, febrero y marzo con 10.6 %, a partir del cual se presentaron disminuciones con ligeras variaciones entre trimestres. La tendencia de la tasa en los \u00faltimos trimestres fue hacia la baja hasta ubicarse en 8.5 % en el trimestre marzo, abril y mayo 2024\u00bb, explica el reporte del INEC. Seg\u00fan los datos oficiales, la tasa neta de participaci\u00f3n laboral nacional fue del 55,6 %, que se desglosa en un 67.9 % para los hombres y del 43.3 % en las mujeres. Estos porcentajes no tienen cambios en comparaci\u00f3n al mismo periodo del a\u00f1o 2023. La poblaci\u00f3n ocupada nacional fue de 2.13 millones de personas, compuesta por 1.31 millones de hombres y 822,000 mujeres, este indicador present\u00f3 un incremento de 54,000 mujeres, con respecto al mismo trimestre del a\u00f1o anterior. Las tres principales ramas de actividad donde se concentraron los ocupados fueron las actividades de comercio y reparaci\u00f3n (17.9 %), seguido por la industria manufacturera (11.4 %) y el sector de ense\u00f1anza y salud (10.8 %). (eleconomista.net 05.07.24)<\/p>\n<p style=\"text-align: justify;\">\n","protected":false},"excerpt":{"rendered":"<p>Costa Rica registr\u00f3 un desempleo del 8.5 % en mayo de 2024, una cifra 1.6 puntos porcentuales menor a la de ese mismo periodo del a\u00f1o anterior, revel\u00f3 este jueves el Instituto Nacional de&#46;&#46;&#46;<\/p>\n","protected":false},"author":1,"featured_media":60302,"comment_status":"open","ping_status":"closed","sticky":false,"template":"","format":"standard","meta":{"footnotes":""},"categories":[54],"tags":[],"class_list":["post-61590","post","type-post","status-publish","format-standard","has-post-thumbnail","hentry","category-centroamerica-seleccion"],"_links":{"self":[{"href":"https:\/\/copades.com\/monec\/index.php?rest_route=\/wp\/v2\/posts\/61590","targetHints":{"allow":["GET"]}}],"collection":[{"href":"https:\/\/copades.com\/monec\/index.php?rest_route=\/wp\/v2\/posts"}],"about":[{"href":"https:\/\/copades.com\/monec\/index.php?rest_route=\/wp\/v2\/types\/post"}],"author":[{"embeddable":true,"href":"https:\/\/copades.com\/monec\/index.php?rest_route=\/wp\/v2\/users\/1"}],"replies":[{"embeddable":true,"href":"https:\/\/copades.com\/monec\/index.php?rest_route=%2Fwp%2Fv2%2Fcomments&post=61590"}],"version-history":[{"count":1,"href":"https:\/\/copades.com\/monec\/index.php?rest_route=\/wp\/v2\/posts\/61590\/revisions"}],"predecessor-version":[{"id":61591,"href":"https:\/\/copades.com\/monec\/index.php?rest_route=\/wp\/v2\/posts\/61590\/revisions\/61591"}],"wp:featuredmedia":[{"embeddable":true,"href":"https:\/\/copades.com\/monec\/index.php?rest_route=\/wp\/v2\/media\/60302"}],"wp:attachment":[{"href":"https:\/\/copades.com\/monec\/index.php?rest_route=%2Fwp%2Fv2%2Fmedia&parent=61590"}],"wp:term":[{"taxonomy":"category","embeddable":true,"href":"https:\/\/copades.com\/monec\/index.php?rest_route=%2Fwp%2Fv2%2Fcategories&post=61590"},{"taxonomy":"post_tag","embeddable":true,"href":"https:\/\/copades.com\/monec\/index.php?rest_route=%2Fwp%2Fv2%2Ftags&post=61590"}],"curies":[{"name":"wp","href":"https:\/\/api.w.org\/{rel}","templated":true}]}}