{"id":62028,"date":"2024-09-03T14:37:25","date_gmt":"2024-09-03T20:37:25","guid":{"rendered":"https:\/\/copades.com\/monec\/?p=62028"},"modified":"2024-09-03T14:37:25","modified_gmt":"2024-09-03T20:37:25","slug":"diputados-de-vamos-y-nosotros-objetan-nueva-ampliacion-presupuestaria","status":"publish","type":"post","link":"https:\/\/copades.com\/monec\/?p=62028","title":{"rendered":"Diputados de Vamos y Nosotros objetan nueva ampliaci\u00f3n presupuestaria"},"content":{"rendered":"<p style=\"text-align: justify;\">Los diputados conocer\u00e1n en la plenaria del 3 de septiembre las objeciones contra la ampliaci\u00f3n al presupuesto por Q14 mil 151 millones, que presentaron los integrantes de la bancada Vamos, <strong>Maynor<\/strong> <strong>Mej\u00eda Popol<\/strong>, y del bloque Nosotros, <strong>Nadia De Le\u00f3n Torres<\/strong>. El primer vicepresidente del Congreso de la Rep\u00fablica, Darwin Lucas, confirm\u00f3 las observaciones que hicieron los legisladores de oposici\u00f3n al Decreto17-2024, que avalaron 114 diputados en la sesi\u00f3n del 27 de agosto. De Le\u00f3n, de nuevo present\u00f3 su oposici\u00f3n al incremento del presupuesto general, al que tilda de opaco y que \u00abcontraviene principios b\u00e1sicos de transparencia y legalidad\u00bb. Adem\u00e1s, se\u00f1al\u00f3 incumplimiento a la Ley del Organismo Judicial y violaci\u00f3n al art\u00edculo 240 de la Constituci\u00f3n. Mientras que su compa\u00f1ero, Mej\u00eda, justifica el rechazo por la violaci\u00f3n al art\u00edculo constitucional 240, falta de certeza jur\u00eddica por la asignaci\u00f3n a los Consejos Departamentales de Desarrollo (Codedes) y tambi\u00e9n aleg\u00f3 falta de transparencia y calidad del gasto p\u00fablico en el art\u00edculo 10 de la nueva normativa. Luego de conocerse las objeciones, los diputados deber\u00e1n votar si aceptan los reclamos, en caso de no alcanzar 81 votos de respaldo, la junta directiva del Congreso tiene v\u00eda libre para trasladar al organismo Ejecutivo el decreto para que sea sancionado y publicado en el Diario de Centro Am\u00e9rica. Tambi\u00e9n se espera la resoluci\u00f3n de la Corte de Constitucionalidad a dos amparos que presentaron los abogados <strong>Ra\u00fal Falla<\/strong> y <strong>Karen Fischer<\/strong>. (LH 03.09.24)<\/p>\n","protected":false},"excerpt":{"rendered":"<p>Los diputados conocer\u00e1n en la plenaria del 3 de septiembre las objeciones contra la ampliaci\u00f3n al presupuesto por Q14 mil 151 millones, que presentaron los integrantes de la bancada Vamos, Maynor Mej\u00eda Popol, y&#46;&#46;&#46;<\/p>\n","protected":false},"author":1,"featured_media":51066,"comment_status":"open","ping_status":"closed","sticky":false,"template":"","format":"standard","meta":{"footnotes":""},"categories":[4],"tags":[],"class_list":["post-62028","post","type-post","status-publish","format-standard","has-post-thumbnail","hentry","category-actividad-legislativa"],"_links":{"self":[{"href":"https:\/\/copades.com\/monec\/index.php?rest_route=\/wp\/v2\/posts\/62028","targetHints":{"allow":["GET"]}}],"collection":[{"href":"https:\/\/copades.com\/monec\/index.php?rest_route=\/wp\/v2\/posts"}],"about":[{"href":"https:\/\/copades.com\/monec\/index.php?rest_route=\/wp\/v2\/types\/post"}],"author":[{"embeddable":true,"href":"https:\/\/copades.com\/monec\/index.php?rest_route=\/wp\/v2\/users\/1"}],"replies":[{"embeddable":true,"href":"https:\/\/copades.com\/monec\/index.php?rest_route=%2Fwp%2Fv2%2Fcomments&post=62028"}],"version-history":[{"count":1,"href":"https:\/\/copades.com\/monec\/index.php?rest_route=\/wp\/v2\/posts\/62028\/revisions"}],"predecessor-version":[{"id":62029,"href":"https:\/\/copades.com\/monec\/index.php?rest_route=\/wp\/v2\/posts\/62028\/revisions\/62029"}],"wp:featuredmedia":[{"embeddable":true,"href":"https:\/\/copades.com\/monec\/index.php?rest_route=\/wp\/v2\/media\/51066"}],"wp:attachment":[{"href":"https:\/\/copades.com\/monec\/index.php?rest_route=%2Fwp%2Fv2%2Fmedia&parent=62028"}],"wp:term":[{"taxonomy":"category","embeddable":true,"href":"https:\/\/copades.com\/monec\/index.php?rest_route=%2Fwp%2Fv2%2Fcategories&post=62028"},{"taxonomy":"post_tag","embeddable":true,"href":"https:\/\/copades.com\/monec\/index.php?rest_route=%2Fwp%2Fv2%2Ftags&post=62028"}],"curies":[{"name":"wp","href":"https:\/\/api.w.org\/{rel}","templated":true}]}}