{"id":6208,"date":"2013-04-11T17:20:25","date_gmt":"2013-04-11T17:20:25","guid":{"rendered":"http:\/\/copades.com\/monec\/?p=6208"},"modified":"2013-04-11T17:20:25","modified_gmt":"2013-04-11T17:20:25","slug":"eegsa-propone-ajustar-1-0-la-tarifa-electrica","status":"publish","type":"post","link":"https:\/\/copades.com\/monec\/?p=6208","title":{"rendered":"EEGSA propone ajustar 1.0% la tarifa el\u00e9ctrica"},"content":{"rendered":"<p style=\"text-align: justify;\">La Empresa El\u00e9ctrica de Guatemala (EEGSA) estima un incremento del 1.0% en la factura a partir del mes de septiembre de este a\u00f1o para sus usuarios en Guatemala, Sacatep\u00e9quez y Escuintla, si es aprobada la propuesta efectuada ante la Comisi\u00f3n Nacional de Energ\u00eda El\u00e9ctrica (CNEE).\u00a0Lo anterior con base en un estudio que actualiza el Valor Agregado de Distribuci\u00f3n (VAD), que corresponde realizar cada cinco a\u00f1os. \u201cSe estima el valor de la red \u00f3ptima para la distribuci\u00f3n en US$636 millones (Q5 mil millones), un 15.0% m\u00e1s que el establecido en 2008 (US$400 millones)\u201d, explica <strong>Carlos Rodas<\/strong>, Gerente de Desarrollo de la EEGSA.\u00a0(Siglo XXI 11.04.13)<\/p>\n","protected":false},"excerpt":{"rendered":"<p>La Empresa El\u00e9ctrica de Guatemala (EEGSA) estima un incremento del 1.0% en la factura a partir del mes de septiembre de este a\u00f1o para sus usuarios en Guatemala, Sacatep\u00e9quez y Escuintla, si es aprobada&#46;&#46;&#46;<\/p>\n","protected":false},"author":1,"featured_media":0,"comment_status":"open","ping_status":"closed","sticky":false,"template":"","format":"standard","meta":{"footnotes":""},"categories":[5,14],"tags":[162],"class_list":["post-6208","post","type-post","status-publish","format-standard","hentry","category-actividad-productiva","category-energia-electrica","tag-eegsa"],"_links":{"self":[{"href":"https:\/\/copades.com\/monec\/index.php?rest_route=\/wp\/v2\/posts\/6208","targetHints":{"allow":["GET"]}}],"collection":[{"href":"https:\/\/copades.com\/monec\/index.php?rest_route=\/wp\/v2\/posts"}],"about":[{"href":"https:\/\/copades.com\/monec\/index.php?rest_route=\/wp\/v2\/types\/post"}],"author":[{"embeddable":true,"href":"https:\/\/copades.com\/monec\/index.php?rest_route=\/wp\/v2\/users\/1"}],"replies":[{"embeddable":true,"href":"https:\/\/copades.com\/monec\/index.php?rest_route=%2Fwp%2Fv2%2Fcomments&post=6208"}],"version-history":[{"count":2,"href":"https:\/\/copades.com\/monec\/index.php?rest_route=\/wp\/v2\/posts\/6208\/revisions"}],"predecessor-version":[{"id":6210,"href":"https:\/\/copades.com\/monec\/index.php?rest_route=\/wp\/v2\/posts\/6208\/revisions\/6210"}],"wp:attachment":[{"href":"https:\/\/copades.com\/monec\/index.php?rest_route=%2Fwp%2Fv2%2Fmedia&parent=6208"}],"wp:term":[{"taxonomy":"category","embeddable":true,"href":"https:\/\/copades.com\/monec\/index.php?rest_route=%2Fwp%2Fv2%2Fcategories&post=6208"},{"taxonomy":"post_tag","embeddable":true,"href":"https:\/\/copades.com\/monec\/index.php?rest_route=%2Fwp%2Fv2%2Ftags&post=6208"}],"curies":[{"name":"wp","href":"https:\/\/api.w.org\/{rel}","templated":true}]}}