{"id":62117,"date":"2024-09-10T10:40:19","date_gmt":"2024-09-10T16:40:19","guid":{"rendered":"https:\/\/copades.com\/monec\/?p=62117"},"modified":"2024-09-10T10:40:19","modified_gmt":"2024-09-10T16:40:19","slug":"agendan-discusion-de-tres-iniciativas-de-prestamos","status":"publish","type":"post","link":"https:\/\/copades.com\/monec\/?p=62117","title":{"rendered":"Agendan discusi\u00f3n de tres iniciativas de pr\u00e9stamos"},"content":{"rendered":"<p style=\"text-align: justify;\">Tres iniciativas de ley, que se encuentran en diferentes fases, y que contemplan pr\u00e9stamos por m\u00e1s de 304.2 millones de d\u00f3lares fueron incluidas ayer, durante la reuni\u00f3n de jefes y subjefes de bloque, para la 35 sesi\u00f3n ordinaria del Legislativo que se llevar\u00e1 a cabo hoy, a partir de las 14:00 horas. Para su discusi\u00f3n en tercer debate, por art\u00edculos y redacci\u00f3n final, se program\u00f3 la iniciativa 6173 que busca aprobar un pr\u00e9stamo con el Banco Interamericano de Desarrollo (BID), por 120 millones de d\u00f3lares para ampliar la cobertura el\u00e9ctrica en el \u00e1rea rural. Tambi\u00e9n, el anteproyecto 6080 que dispone dar el visto bueno a las negociaciones para un cr\u00e9dito por 8 millones 450 mil d\u00f3lares y el convenio de financiamiento no reembolsable hasta por 775 mil d\u00f3lares con el BID, para un Proyecto de Gesti\u00f3n Forestal Sostenible. (DCA 10.09.24)<\/p>\n","protected":false},"excerpt":{"rendered":"<p>Tres iniciativas de ley, que se encuentran en diferentes fases, y que contemplan pr\u00e9stamos por m\u00e1s de 304.2 millones de d\u00f3lares fueron incluidas ayer, durante la reuni\u00f3n de jefes y subjefes de bloque, para&#46;&#46;&#46;<\/p>\n","protected":false},"author":1,"featured_media":58185,"comment_status":"open","ping_status":"closed","sticky":false,"template":"","format":"standard","meta":{"footnotes":""},"categories":[4],"tags":[],"class_list":["post-62117","post","type-post","status-publish","format-standard","has-post-thumbnail","hentry","category-actividad-legislativa"],"_links":{"self":[{"href":"https:\/\/copades.com\/monec\/index.php?rest_route=\/wp\/v2\/posts\/62117","targetHints":{"allow":["GET"]}}],"collection":[{"href":"https:\/\/copades.com\/monec\/index.php?rest_route=\/wp\/v2\/posts"}],"about":[{"href":"https:\/\/copades.com\/monec\/index.php?rest_route=\/wp\/v2\/types\/post"}],"author":[{"embeddable":true,"href":"https:\/\/copades.com\/monec\/index.php?rest_route=\/wp\/v2\/users\/1"}],"replies":[{"embeddable":true,"href":"https:\/\/copades.com\/monec\/index.php?rest_route=%2Fwp%2Fv2%2Fcomments&post=62117"}],"version-history":[{"count":1,"href":"https:\/\/copades.com\/monec\/index.php?rest_route=\/wp\/v2\/posts\/62117\/revisions"}],"predecessor-version":[{"id":62118,"href":"https:\/\/copades.com\/monec\/index.php?rest_route=\/wp\/v2\/posts\/62117\/revisions\/62118"}],"wp:featuredmedia":[{"embeddable":true,"href":"https:\/\/copades.com\/monec\/index.php?rest_route=\/wp\/v2\/media\/58185"}],"wp:attachment":[{"href":"https:\/\/copades.com\/monec\/index.php?rest_route=%2Fwp%2Fv2%2Fmedia&parent=62117"}],"wp:term":[{"taxonomy":"category","embeddable":true,"href":"https:\/\/copades.com\/monec\/index.php?rest_route=%2Fwp%2Fv2%2Fcategories&post=62117"},{"taxonomy":"post_tag","embeddable":true,"href":"https:\/\/copades.com\/monec\/index.php?rest_route=%2Fwp%2Fv2%2Ftags&post=62117"}],"curies":[{"name":"wp","href":"https:\/\/api.w.org\/{rel}","templated":true}]}}