{"id":62248,"date":"2024-09-23T10:33:29","date_gmt":"2024-09-23T16:33:29","guid":{"rendered":"https:\/\/copades.com\/monec\/?p=62248"},"modified":"2024-09-23T10:33:29","modified_gmt":"2024-09-23T16:33:29","slug":"epq-analiza-nuevo-contrato-temporal","status":"publish","type":"post","link":"https:\/\/copades.com\/monec\/?p=62248","title":{"rendered":"EPQ analiza nuevo contrato temporal"},"content":{"rendered":"<p style=\"text-align: justify;\">A un mes que representantes de <em>APM Terminals<\/em>, encargados de la operaci\u00f3n de una terminal de contenedores en terrenos de la Empresa Portuaria Quetzal (EPQ) en Escuintla, presentaron una solicitud administrativo-operativo para poder continuar trabajando, esta se encuentra en an\u00e1lisis y en los siguientes d\u00edas se esperar\u00eda una posici\u00f3n oficial. \u00a0Se trata de un arrendamiento y de servicios portuarios, y el vicealmirante Jos\u00e9 Antonio Lemus Guzm\u00e1n, presidente de la junta directiva de EPQ, confirm\u00f3 que el expediente ya est\u00e1 en proceso de an\u00e1lisis de ambas figuras. \u201cSe inici\u00f3 la gesti\u00f3n administrativa interna de acuerdo con la normativa llega a un comit\u00e9 que tienen que ver con el tema y el dictamen que emitan ellos ya se sube a la junta directiva para su aprobaci\u00f3n o improbaci\u00f3n dependiendo de lo que resulte, pero va en camino\u201d, apunt\u00f3 el directivo. \u00a0Record\u00f3 que esta comisi\u00f3n tiene un procedimiento establecido y normado, para lo cual se est\u00e1 siguiendo su curso, sobre la solicitud. Tambi\u00e9n hay una negociaci\u00f3n a fin de mejorar el canon actual y \u201cla aspiraci\u00f3n es duplicar los ingresos a la EPQ\u201d, de los que se obtuvo en el a\u00f1o anterior del total de operaciones, ejemplific\u00f3. \u201cQueremos duplicar al menos lo que se recibi\u00f3 el a\u00f1o pasado\u201d, puntualiz\u00f3. Aclar\u00f3 que esta negociaci\u00f3n ser\u00eda temporal por unos 36 meses, mientras sale la licitaci\u00f3n internacional. \u00a0(PL 23.09.24)<\/p>\n","protected":false},"excerpt":{"rendered":"<p>A un mes que representantes de APM Terminals, encargados de la operaci\u00f3n de una terminal de contenedores en terrenos de la Empresa Portuaria Quetzal (EPQ) en Escuintla, presentaron una solicitud administrativo-operativo para poder continuar&#46;&#46;&#46;<\/p>\n","protected":false},"author":1,"featured_media":58333,"comment_status":"open","ping_status":"closed","sticky":false,"template":"","format":"standard","meta":{"footnotes":""},"categories":[22],"tags":[],"class_list":["post-62248","post","type-post","status-publish","format-standard","has-post-thumbnail","hentry","category-transporte-y-almacenamiento"],"_links":{"self":[{"href":"https:\/\/copades.com\/monec\/index.php?rest_route=\/wp\/v2\/posts\/62248","targetHints":{"allow":["GET"]}}],"collection":[{"href":"https:\/\/copades.com\/monec\/index.php?rest_route=\/wp\/v2\/posts"}],"about":[{"href":"https:\/\/copades.com\/monec\/index.php?rest_route=\/wp\/v2\/types\/post"}],"author":[{"embeddable":true,"href":"https:\/\/copades.com\/monec\/index.php?rest_route=\/wp\/v2\/users\/1"}],"replies":[{"embeddable":true,"href":"https:\/\/copades.com\/monec\/index.php?rest_route=%2Fwp%2Fv2%2Fcomments&post=62248"}],"version-history":[{"count":1,"href":"https:\/\/copades.com\/monec\/index.php?rest_route=\/wp\/v2\/posts\/62248\/revisions"}],"predecessor-version":[{"id":62249,"href":"https:\/\/copades.com\/monec\/index.php?rest_route=\/wp\/v2\/posts\/62248\/revisions\/62249"}],"wp:featuredmedia":[{"embeddable":true,"href":"https:\/\/copades.com\/monec\/index.php?rest_route=\/wp\/v2\/media\/58333"}],"wp:attachment":[{"href":"https:\/\/copades.com\/monec\/index.php?rest_route=%2Fwp%2Fv2%2Fmedia&parent=62248"}],"wp:term":[{"taxonomy":"category","embeddable":true,"href":"https:\/\/copades.com\/monec\/index.php?rest_route=%2Fwp%2Fv2%2Fcategories&post=62248"},{"taxonomy":"post_tag","embeddable":true,"href":"https:\/\/copades.com\/monec\/index.php?rest_route=%2Fwp%2Fv2%2Ftags&post=62248"}],"curies":[{"name":"wp","href":"https:\/\/api.w.org\/{rel}","templated":true}]}}