{"id":62260,"date":"2024-09-24T10:40:12","date_gmt":"2024-09-24T16:40:12","guid":{"rendered":"https:\/\/copades.com\/monec\/?p=62260"},"modified":"2024-09-24T10:40:12","modified_gmt":"2024-09-24T16:40:12","slug":"buscan-consensos-para-que-peru-ratifique-el-tlc","status":"publish","type":"post","link":"https:\/\/copades.com\/monec\/?p=62260","title":{"rendered":"Buscan consensos para que Per\u00fa ratifique el TLC"},"content":{"rendered":"<p style=\"text-align: justify;\">Los encargados del comercio exterior de Guatemala y Per\u00fa se sentaron ayer a la mesa para tratar de darle vida al Tratado de Libre Comercio (TLC) que ambas naciones firmaron en 2013. Aqu\u00ed ya fue ratificado por el Congreso de la Rep\u00fablica, no as\u00ed el Organismo Legislativo peruano. El viceministro de Integraci\u00f3n y Comercio Exterior, <strong>H\u00e9ctor Jos\u00e9 Marroqu\u00edn<\/strong>, explic\u00f3 ayer que ya no hay nada que agregar, pues todo depende de las autoridades legislativas de aquel pa\u00eds.\u00a0 \u201cLa intenci\u00f3n es retomar las discusiones para que pueda rubricarse finalmente; \u00fanicamente estamos pendientes de que all\u00e1 se cumplan los procesos de ley\u201d, manifest\u00f3 el funcionario. Han pasado 11 a\u00f1os desde que finalizaron las negociaciones y suscripci\u00f3n del convenio, en 2013. \u201cHa sido por cuestiones puramente administrativas\u201d, argument\u00f3 Marroqu\u00edn. Sin embargo, <strong>Enrique Lacs<\/strong>, exministro de Comercio Exterior y quien hizo los \u00faltimos intentos para que el pa\u00eds sudamericano lo convalidara, tiene una versi\u00f3n m\u00e1s amplia. \u201cEs una larga historia\u201d, expres\u00f3. De acuerdo con el especialista, el problema fue que el Gobierno peruano aplic\u00f3 lo que se denomina \u201cbanda de precios\u201d a productos agr\u00edcolas que Guatemala exporta como al az\u00facar. Esta regla implica que cuando los precios internacionales bajan, ellos imponen una tasa arancelaria m\u00e1s alta, o a la inversa, con el prop\u00f3sito de proteger su industria azucarera. Per\u00fa produce el endulzante pero no es autosuficiente. \u201cEl problema aqu\u00ed es que la Organizaci\u00f3n Mundial de Comercio proh\u00edbe ese tipo de pr\u00e1cticas\u201d, explic\u00f3 el ex viceministro y ahora director ejecutivo de la C\u00e1mara Guatemalteca de Alimentos y Bebidas. (DCA 24.09.24)<\/p>\n","protected":false},"excerpt":{"rendered":"<p>Los encargados del comercio exterior de Guatemala y Per\u00fa se sentaron ayer a la mesa para tratar de darle vida al Tratado de Libre Comercio (TLC) que ambas naciones firmaron en 2013. Aqu\u00ed ya&#46;&#46;&#46;<\/p>\n","protected":false},"author":1,"featured_media":60974,"comment_status":"open","ping_status":"closed","sticky":false,"template":"","format":"standard","meta":{"footnotes":""},"categories":[36],"tags":[],"class_list":["post-62260","post","type-post","status-publish","format-standard","has-post-thumbnail","hentry","category-tratados-de-libre-comercio"],"_links":{"self":[{"href":"https:\/\/copades.com\/monec\/index.php?rest_route=\/wp\/v2\/posts\/62260","targetHints":{"allow":["GET"]}}],"collection":[{"href":"https:\/\/copades.com\/monec\/index.php?rest_route=\/wp\/v2\/posts"}],"about":[{"href":"https:\/\/copades.com\/monec\/index.php?rest_route=\/wp\/v2\/types\/post"}],"author":[{"embeddable":true,"href":"https:\/\/copades.com\/monec\/index.php?rest_route=\/wp\/v2\/users\/1"}],"replies":[{"embeddable":true,"href":"https:\/\/copades.com\/monec\/index.php?rest_route=%2Fwp%2Fv2%2Fcomments&post=62260"}],"version-history":[{"count":1,"href":"https:\/\/copades.com\/monec\/index.php?rest_route=\/wp\/v2\/posts\/62260\/revisions"}],"predecessor-version":[{"id":62261,"href":"https:\/\/copades.com\/monec\/index.php?rest_route=\/wp\/v2\/posts\/62260\/revisions\/62261"}],"wp:featuredmedia":[{"embeddable":true,"href":"https:\/\/copades.com\/monec\/index.php?rest_route=\/wp\/v2\/media\/60974"}],"wp:attachment":[{"href":"https:\/\/copades.com\/monec\/index.php?rest_route=%2Fwp%2Fv2%2Fmedia&parent=62260"}],"wp:term":[{"taxonomy":"category","embeddable":true,"href":"https:\/\/copades.com\/monec\/index.php?rest_route=%2Fwp%2Fv2%2Fcategories&post=62260"},{"taxonomy":"post_tag","embeddable":true,"href":"https:\/\/copades.com\/monec\/index.php?rest_route=%2Fwp%2Fv2%2Ftags&post=62260"}],"curies":[{"name":"wp","href":"https:\/\/api.w.org\/{rel}","templated":true}]}}