{"id":62295,"date":"2024-09-30T10:47:22","date_gmt":"2024-09-30T16:47:22","guid":{"rendered":"https:\/\/copades.com\/monec\/?p=62295"},"modified":"2024-09-30T10:47:22","modified_gmt":"2024-09-30T16:47:22","slug":"aeropuerto-la-aurora-continuara-sin-aire-acondicionado","status":"publish","type":"post","link":"https:\/\/copades.com\/monec\/?p=62295","title":{"rendered":"Aeropuerto La Aurora continuar\u00e1 sin aire acondicionado"},"content":{"rendered":"<p style=\"text-align: justify;\">El proceso para la adquisici\u00f3n del sistema de a\u00edre acondicionado y su mantenimiento en las instalaciones del Aeropuerto Internacional La Aurora fue declarado anulado, y se prepara un nuevo evento. \u00a0Las autoridades del Ministerio de Comunicaciones, Infraestructura y Vivienda (CIV) publicaron la resoluci\u00f3n que declara la no adjudicaci\u00f3n del evento \u201cservicio de mantenimiento y automatizaci\u00f3n para la mejora de los sistemas de aire acondicionado del Aeropuerto Internacional La Aurora (Aila)\u201d, por lo que los usuarios de la terminal de pasajeros continuar\u00e1n sin la climatizaci\u00f3n. La nota firmada por el ministro F\u00e9lix Alvarado fue publicada el pasado 23 de septiembre en el sistema de adquisiciones Guatecompras, con el n\u00famero de operaci\u00f3n Guatecompras (NOG) 23315121, y la principal raz\u00f3n expuesta es el incumplimiento de la presentaci\u00f3n de la constancia de inscripci\u00f3n y precalificaci\u00f3n que emite el Registro General de Adquisiciones del Estado -adscrito al Ministerio de Finanzas- por la entidad Grupo Expertos Centroamericanos en Electromec\u00e1nica, Sociedad An\u00f3nima, que fue la \u00fanica que present\u00f3 oferta. El asunto cobra mayor relevancia, ya que est\u00e1 por acercarse la temporada alta de movimiento de pasajeros en el Aila tanto para de como de ingreso, que es estacional durante el a\u00f1o. \u00a0(PL 30.09.24)<\/p>\n","protected":false},"excerpt":{"rendered":"<p>El proceso para la adquisici\u00f3n del sistema de a\u00edre acondicionado y su mantenimiento en las instalaciones del Aeropuerto Internacional La Aurora fue declarado anulado, y se prepara un nuevo evento. \u00a0Las autoridades del Ministerio&#46;&#46;&#46;<\/p>\n","protected":false},"author":1,"featured_media":59441,"comment_status":"open","ping_status":"closed","sticky":false,"template":"","format":"standard","meta":{"footnotes":""},"categories":[2757],"tags":[],"class_list":["post-62295","post","type-post","status-publish","format-standard","has-post-thumbnail","hentry","category-contrataciones-del-estado"],"_links":{"self":[{"href":"https:\/\/copades.com\/monec\/index.php?rest_route=\/wp\/v2\/posts\/62295","targetHints":{"allow":["GET"]}}],"collection":[{"href":"https:\/\/copades.com\/monec\/index.php?rest_route=\/wp\/v2\/posts"}],"about":[{"href":"https:\/\/copades.com\/monec\/index.php?rest_route=\/wp\/v2\/types\/post"}],"author":[{"embeddable":true,"href":"https:\/\/copades.com\/monec\/index.php?rest_route=\/wp\/v2\/users\/1"}],"replies":[{"embeddable":true,"href":"https:\/\/copades.com\/monec\/index.php?rest_route=%2Fwp%2Fv2%2Fcomments&post=62295"}],"version-history":[{"count":1,"href":"https:\/\/copades.com\/monec\/index.php?rest_route=\/wp\/v2\/posts\/62295\/revisions"}],"predecessor-version":[{"id":62296,"href":"https:\/\/copades.com\/monec\/index.php?rest_route=\/wp\/v2\/posts\/62295\/revisions\/62296"}],"wp:featuredmedia":[{"embeddable":true,"href":"https:\/\/copades.com\/monec\/index.php?rest_route=\/wp\/v2\/media\/59441"}],"wp:attachment":[{"href":"https:\/\/copades.com\/monec\/index.php?rest_route=%2Fwp%2Fv2%2Fmedia&parent=62295"}],"wp:term":[{"taxonomy":"category","embeddable":true,"href":"https:\/\/copades.com\/monec\/index.php?rest_route=%2Fwp%2Fv2%2Fcategories&post=62295"},{"taxonomy":"post_tag","embeddable":true,"href":"https:\/\/copades.com\/monec\/index.php?rest_route=%2Fwp%2Fv2%2Ftags&post=62295"}],"curies":[{"name":"wp","href":"https:\/\/api.w.org\/{rel}","templated":true}]}}