{"id":62303,"date":"2024-09-30T10:50:43","date_gmt":"2024-09-30T16:50:43","guid":{"rendered":"https:\/\/copades.com\/monec\/?p=62303"},"modified":"2024-09-30T10:50:43","modified_gmt":"2024-09-30T16:50:43","slug":"costa-rica-planea-invertir-80-mdd-en-su-mayor-planta-de-energia-solar","status":"publish","type":"post","link":"https:\/\/copades.com\/monec\/?p=62303","title":{"rendered":"Costa Rica planea invertir 80 mdd en su mayor planta de energ\u00eda solar"},"content":{"rendered":"<p style=\"text-align: justify;\">El estatal Instituto Costarricense de Electricidad (ICE) anunci\u00f3 este viernes que planea invertir 80 millones de d\u00f3lares en la construcci\u00f3n de la mayor planta de energ\u00eda solar del pa\u00eds, que aportar\u00e1 66 megavatios al sistema. El ICE inform\u00f3 que su Consejo Directivo aprob\u00f3 el inicio de la fase de factibilidad para el desarrollo del Proyecto Solar Fotovoltaico Colorado, que se ubicar\u00e1 en la localidad de Colorado de Abangares, provincia de Guanacaste (noroeste). \u201cEste proyecto forma parte de los esfuerzos que hace el Instituto para dotar al pa\u00eds de m\u00e1s generaci\u00f3n renovable que permita satisfacer la creciente demanda actual y futura del pa\u00eds. Ser\u00e1 la planta solar m\u00e1s grande de Costa Rica\u201d, declar\u00f3 el presidente del ICE, Marco Acu\u00f1a. La planta, que requerir\u00e1 una inversi\u00f3n de 80 millones de d\u00f3lares, aportar\u00e1 66 megavatios de capacidad instalada al sistema nacional y se prev\u00e9 que entre en operaci\u00f3n en el 2027. En la actualidad est\u00e1 en desarrollo del ICE la planta solar San Antonio, ubicada en San Jos\u00e9, que aportar\u00e1 10 megavatios, y hay otras cinco iniciativas privadas que sumar\u00e1n 86 megavatios, inform\u00f3 el ICE. Costa Rica tambi\u00e9n lleva a cabo estudios de factibilidad para la instalaci\u00f3n de una planta e\u00f3lica marina en aguas del Pac\u00edfico, en la localidad de La Cruz, provincia de Guanacaste (noroeste). Seg\u00fan los datos del ICE, Costa Rica tiene una capacidad instalada de 3,500 megavatios. Para el 2023, poco m\u00e1s del 91% de la demanda el\u00e9ctrica del pa\u00eds fue atendida con producci\u00f3n de fuentes renovables, principalmente hidroel\u00e9ctricas en un 66.9 %, pero tambi\u00e9n geot\u00e9rmicas (12%), e\u00f3licas (11.9%) y solares (0.7%). (forbescentroamerica.com 30.09.24)<\/p>\n","protected":false},"excerpt":{"rendered":"<p>El estatal Instituto Costarricense de Electricidad (ICE) anunci\u00f3 este viernes que planea invertir 80 millones de d\u00f3lares en la construcci\u00f3n de la mayor planta de energ\u00eda solar del pa\u00eds, que aportar\u00e1 66 megavatios al&#46;&#46;&#46;<\/p>\n","protected":false},"author":1,"featured_media":52370,"comment_status":"open","ping_status":"closed","sticky":false,"template":"","format":"standard","meta":{"footnotes":""},"categories":[54],"tags":[],"class_list":["post-62303","post","type-post","status-publish","format-standard","has-post-thumbnail","hentry","category-centroamerica-seleccion"],"_links":{"self":[{"href":"https:\/\/copades.com\/monec\/index.php?rest_route=\/wp\/v2\/posts\/62303","targetHints":{"allow":["GET"]}}],"collection":[{"href":"https:\/\/copades.com\/monec\/index.php?rest_route=\/wp\/v2\/posts"}],"about":[{"href":"https:\/\/copades.com\/monec\/index.php?rest_route=\/wp\/v2\/types\/post"}],"author":[{"embeddable":true,"href":"https:\/\/copades.com\/monec\/index.php?rest_route=\/wp\/v2\/users\/1"}],"replies":[{"embeddable":true,"href":"https:\/\/copades.com\/monec\/index.php?rest_route=%2Fwp%2Fv2%2Fcomments&post=62303"}],"version-history":[{"count":1,"href":"https:\/\/copades.com\/monec\/index.php?rest_route=\/wp\/v2\/posts\/62303\/revisions"}],"predecessor-version":[{"id":62304,"href":"https:\/\/copades.com\/monec\/index.php?rest_route=\/wp\/v2\/posts\/62303\/revisions\/62304"}],"wp:featuredmedia":[{"embeddable":true,"href":"https:\/\/copades.com\/monec\/index.php?rest_route=\/wp\/v2\/media\/52370"}],"wp:attachment":[{"href":"https:\/\/copades.com\/monec\/index.php?rest_route=%2Fwp%2Fv2%2Fmedia&parent=62303"}],"wp:term":[{"taxonomy":"category","embeddable":true,"href":"https:\/\/copades.com\/monec\/index.php?rest_route=%2Fwp%2Fv2%2Fcategories&post=62303"},{"taxonomy":"post_tag","embeddable":true,"href":"https:\/\/copades.com\/monec\/index.php?rest_route=%2Fwp%2Fv2%2Ftags&post=62303"}],"curies":[{"name":"wp","href":"https:\/\/api.w.org\/{rel}","templated":true}]}}