{"id":62313,"date":"2024-10-01T09:12:45","date_gmt":"2024-10-01T15:12:45","guid":{"rendered":"https:\/\/copades.com\/monec\/?p=62313"},"modified":"2024-10-01T09:12:45","modified_gmt":"2024-10-01T15:12:45","slug":"exportaciones-de-cafe-guatemalteco-crecieron-en-volumen","status":"publish","type":"post","link":"https:\/\/copades.com\/monec\/?p=62313","title":{"rendered":"Exportaciones de caf\u00e9 guatemalteco crecieron en volumen"},"content":{"rendered":"<p style=\"text-align: justify;\">El a\u00f1o cafetero que concluy\u00f3 ayer estar\u00eda cerrando con alrededor de 4.03 millones de quintales de caf\u00e9 oro o 3.09 millones sacos de 60 kilogramos, seg\u00fan las estad\u00edsticas preliminares que dio a conocer la Asociaci\u00f3n Nacional del Caf\u00e9 (Anacaf\u00e9). Hasta el 29 de septiembre, se hab\u00edan contabilizado divisas por unos US$885.6 millones por las exportaciones del arom\u00e1tico, y todo apunta a que habr\u00eda una reducci\u00f3n en comparaci\u00f3n con la cosecha 2022-2023 cuando fue de US$944 millones y en la 2021-2022 por US$1 mil 136 millones. El resultado de las exportaciones durante este periodo estar\u00eda asociado al factor del precio internacional y sus posiciones. Se le denomina a\u00f1o cafetero al periodo de cosecha del grano, que finaliza el 30 de septiembre, y el 1 de octubre inicia el nuevo periodo de producci\u00f3n, que dinamiza las econom\u00edas locales, ya que las principales zonas de producci\u00f3n son Santa Rosa, Huehuetenango -que son las principales regiones-, Alta Verapaz, Chimaltenango y Jalapa. <strong>Luisa Fernanda Correa<\/strong>, gerente general de Anacaf\u00e9, aclar\u00f3 que el precio promedio registrado de exportaci\u00f3n es de US$219, y que los mercados tradicionales se han mantenido sobre todo el de Estados Unidos, y una relevante participaci\u00f3n del mercado asi\u00e1tico con tendencia de crecimiento, as\u00ed como Europa en particular Alemania, B\u00e9lgica e Italia como principales destinos. En la cosecha 2022-2023, el precio promedio fue de US$245, y en la temporada 2021-2022 en US$262, seg\u00fan los registros oficiales. Con los resultados preliminares, explic\u00f3 la directora, el volumen de exportaci\u00f3n ya est\u00e1 por encima del 4%, y hay una expectativa de cerrar por arriba de los cuatro millones, que apuntar\u00eda a un crecimiento del 5% -al cierre- de la cosecha 2022-2023, lo cual es positivo para los productores. Para la cosecha 2024-2025, se mantendr\u00eda en una exportaci\u00f3n similar de unos cuatro millones, y la expectativa para las siguientes cosechas es recuperar el volumen, con la implementaci\u00f3n del programa \u201cRentabilidad Sustentable\u201d que buscar lograr m\u00e1s rentabilidad a los productores. El plan para la cosecha 2026-2027 es llegar a 4.3 o 4.5 millones de quintales oro de exportaci\u00f3n, y significar\u00eda la recuperaci\u00f3n del volumen que en alg\u00fan momento se comercializ\u00f3 a los mercados del exterior. El 82% de volumen de exportaci\u00f3n de caf\u00e9 es estrictamente duro que es el que se cosecha por arriba de los mil 200 metros sobre el nivel del mar. En la cosecha 2022-2023, el 85% de la cosecha fue estrictamente duro; 8% semiduro; 2% prima-extra-prima, 1% robusta y el resto 4% entre otros. (PL 01.10.24)<\/p>\n","protected":false},"excerpt":{"rendered":"<p>El a\u00f1o cafetero que concluy\u00f3 ayer estar\u00eda cerrando con alrededor de 4.03 millones de quintales de caf\u00e9 oro o 3.09 millones sacos de 60 kilogramos, seg\u00fan las estad\u00edsticas preliminares que dio a conocer la&#46;&#46;&#46;<\/p>\n","protected":false},"author":1,"featured_media":58463,"comment_status":"open","ping_status":"closed","sticky":false,"template":"","format":"standard","meta":{"footnotes":""},"categories":[30],"tags":[],"class_list":["post-62313","post","type-post","status-publish","format-standard","has-post-thumbnail","hentry","category-exportaciones-de-cafe"],"_links":{"self":[{"href":"https:\/\/copades.com\/monec\/index.php?rest_route=\/wp\/v2\/posts\/62313","targetHints":{"allow":["GET"]}}],"collection":[{"href":"https:\/\/copades.com\/monec\/index.php?rest_route=\/wp\/v2\/posts"}],"about":[{"href":"https:\/\/copades.com\/monec\/index.php?rest_route=\/wp\/v2\/types\/post"}],"author":[{"embeddable":true,"href":"https:\/\/copades.com\/monec\/index.php?rest_route=\/wp\/v2\/users\/1"}],"replies":[{"embeddable":true,"href":"https:\/\/copades.com\/monec\/index.php?rest_route=%2Fwp%2Fv2%2Fcomments&post=62313"}],"version-history":[{"count":1,"href":"https:\/\/copades.com\/monec\/index.php?rest_route=\/wp\/v2\/posts\/62313\/revisions"}],"predecessor-version":[{"id":62314,"href":"https:\/\/copades.com\/monec\/index.php?rest_route=\/wp\/v2\/posts\/62313\/revisions\/62314"}],"wp:featuredmedia":[{"embeddable":true,"href":"https:\/\/copades.com\/monec\/index.php?rest_route=\/wp\/v2\/media\/58463"}],"wp:attachment":[{"href":"https:\/\/copades.com\/monec\/index.php?rest_route=%2Fwp%2Fv2%2Fmedia&parent=62313"}],"wp:term":[{"taxonomy":"category","embeddable":true,"href":"https:\/\/copades.com\/monec\/index.php?rest_route=%2Fwp%2Fv2%2Fcategories&post=62313"},{"taxonomy":"post_tag","embeddable":true,"href":"https:\/\/copades.com\/monec\/index.php?rest_route=%2Fwp%2Fv2%2Ftags&post=62313"}],"curies":[{"name":"wp","href":"https:\/\/api.w.org\/{rel}","templated":true}]}}