{"id":62323,"date":"2024-10-01T09:22:24","date_gmt":"2024-10-01T15:22:24","guid":{"rendered":"https:\/\/copades.com\/monec\/?p=62323"},"modified":"2024-10-01T09:22:24","modified_gmt":"2024-10-01T15:22:24","slug":"powell-senala-que-la-fed-no-tiene-prisa-por-recortar-las-tasas-de-interes","status":"publish","type":"post","link":"https:\/\/copades.com\/monec\/?p=62323","title":{"rendered":"Powell se\u00f1ala que la Fed no tiene \u201cprisa\u201d por recortar las tasas de inter\u00e9s"},"content":{"rendered":"<p style=\"text-align: justify;\">Jerome Powell, presidente de la Reserva Federal (Fed), dijo ayer 30 de septiembre, que el banco central estadounidense probablemente mantendr\u00e1 los recortes de tasas de inter\u00e9s de un cuarto de punto porcentual en el futuro y que no hay \u201cprisa\u201d despu\u00e9s de que nuevos datos impulsaron la confianza en el crecimiento econ\u00f3mico continuo y el gasto del consumidor. \u201cEste no es un Comit\u00e9 que tenga prisa por recortar las tasas\u201d, mencion\u00f3 Powell en una conferencia de la Asociaci\u00f3n Nacional de Econom\u00eda Empresarial, a pesar de que el Comit\u00e9 Federal de Mercado Abierto, que fija las pol\u00edticas, inici\u00f3 su ciclo de flexibilizaci\u00f3n con una reducci\u00f3n de medio punto porcentual en septiembre. \u201cHaremos lo que sea necesario en t\u00e9rminos de la velocidad con la que nos movemos\u201d, se\u00f1al\u00f3 Powell, para mantener la inflaci\u00f3n hacia el objetivo de 2.0% de la Fed con una tasa de desempleo baja. Sin embargo, en medio de la discusi\u00f3n sobre si la Fed aprobar\u00eda otra gran reducci\u00f3n para tener en cuenta la r\u00e1pida ca\u00edda de la inflaci\u00f3n desde el a\u00f1o pasado, Powell se\u00f1al\u00f3 que la base actual es de dos reducciones de un cuarto de punto porcentual para finales de este a\u00f1o, como se indica en las proyecciones econ\u00f3micas actualizadas de los responsables de las pol\u00edticas, publicadas en septiembre. \u201cSi la econom\u00eda evoluciona como se espera, ser\u00edan dos recortes m\u00e1s\u201d de aqu\u00ed a fin de a\u00f1o, para una reducci\u00f3n total de medio punto porcentual m\u00e1s, expres\u00f3 Powell. (eleconomista.com.mx 01.10.24)<\/p>\n<p>&nbsp;<\/p>\n<p>&nbsp;<\/p>\n<p>&nbsp;<\/p>\n","protected":false},"excerpt":{"rendered":"<p>Jerome Powell, presidente de la Reserva Federal (Fed), dijo ayer 30 de septiembre, que el banco central estadounidense probablemente mantendr\u00e1 los recortes de tasas de inter\u00e9s de un cuarto de punto porcentual en el&#46;&#46;&#46;<\/p>\n","protected":false},"author":1,"featured_media":56143,"comment_status":"open","ping_status":"closed","sticky":false,"template":"","format":"standard","meta":{"footnotes":""},"categories":[55],"tags":[],"class_list":["post-62323","post","type-post","status-publish","format-standard","has-post-thumbnail","hentry","category-internacionales-seleccion"],"_links":{"self":[{"href":"https:\/\/copades.com\/monec\/index.php?rest_route=\/wp\/v2\/posts\/62323","targetHints":{"allow":["GET"]}}],"collection":[{"href":"https:\/\/copades.com\/monec\/index.php?rest_route=\/wp\/v2\/posts"}],"about":[{"href":"https:\/\/copades.com\/monec\/index.php?rest_route=\/wp\/v2\/types\/post"}],"author":[{"embeddable":true,"href":"https:\/\/copades.com\/monec\/index.php?rest_route=\/wp\/v2\/users\/1"}],"replies":[{"embeddable":true,"href":"https:\/\/copades.com\/monec\/index.php?rest_route=%2Fwp%2Fv2%2Fcomments&post=62323"}],"version-history":[{"count":1,"href":"https:\/\/copades.com\/monec\/index.php?rest_route=\/wp\/v2\/posts\/62323\/revisions"}],"predecessor-version":[{"id":62324,"href":"https:\/\/copades.com\/monec\/index.php?rest_route=\/wp\/v2\/posts\/62323\/revisions\/62324"}],"wp:featuredmedia":[{"embeddable":true,"href":"https:\/\/copades.com\/monec\/index.php?rest_route=\/wp\/v2\/media\/56143"}],"wp:attachment":[{"href":"https:\/\/copades.com\/monec\/index.php?rest_route=%2Fwp%2Fv2%2Fmedia&parent=62323"}],"wp:term":[{"taxonomy":"category","embeddable":true,"href":"https:\/\/copades.com\/monec\/index.php?rest_route=%2Fwp%2Fv2%2Fcategories&post=62323"},{"taxonomy":"post_tag","embeddable":true,"href":"https:\/\/copades.com\/monec\/index.php?rest_route=%2Fwp%2Fv2%2Ftags&post=62323"}],"curies":[{"name":"wp","href":"https:\/\/api.w.org\/{rel}","templated":true}]}}