{"id":62377,"date":"2024-10-04T10:44:41","date_gmt":"2024-10-04T16:44:41","guid":{"rendered":"https:\/\/copades.com\/monec\/?p=62377"},"modified":"2024-10-04T10:44:41","modified_gmt":"2024-10-04T16:44:41","slug":"el-fmi-respalda-el-proyecto-de-presupuesto-2025-de-el-salvador","status":"publish","type":"post","link":"https:\/\/copades.com\/monec\/?p=62377","title":{"rendered":"El FMI respalda el proyecto de presupuesto 2025 de El Salvador"},"content":{"rendered":"<p style=\"text-align: justify;\">El Fondo Monetario Internacional (FMI) considera que el Presupuesto General del Estado 2025, que el Gobierno de El Salvador present\u00f3 esta semana al parlamento, \u201crepresenta un paso hacia el fortalecimiento de las finanzas p\u00fablicas. Esta declaraci\u00f3n fue dada este jueves por <strong>Julie Kozack<\/strong>, directora de comunicaciones del FMI, durante una rueda de prensa en la sede del organismo. \u201cEl proyecto de presupuesto incluye medidas para contener la masa salarial y el gasto en bienes y servicios, pero deber\u00e1 ir acompa\u00f1ado de una fuerte implementaci\u00f3n en el futuro\u201d, a\u00f1adi\u00f3 la funcionaria del fondo. El Ministerio de Hacienda present\u00f3 el pasado 30 de septiembre los documentos relacionados con el presupuesto de 2025 a la Asamblea Legislativa. El proyecto de presupuesto para el pr\u00f3ximo a\u00f1o incluye un recorte de 11,176 plazas dentro de las instituciones p\u00fablicas, seg\u00fan public\u00f3 <em>LA PRENSA GR\u00c1FICA<\/em> esta semana. Este recorte le permitir\u00e1 al Estado un ahorro de $176.1 millones en pago de remuneraciones. El ministro de Hacienda, <strong>Jerson Posada<\/strong>, confirm\u00f3 esta misma semana que el gobierno espera una reducci\u00f3n en el gasto de remuneraciones y que la eliminaci\u00f3n de plazas depender\u00e1 del an\u00e1lisis que haga cada instituci\u00f3n p\u00fablica. \u201cS\u00ed ser\u00e1 importante que sea una revisi\u00f3n muy fina la que haga cada ministro, cada presidente, cada director de aut\u00f3noma porque en las instituciones sabemos que todav\u00eda hay gente que no presta un buen servicio a la poblaci\u00f3n, hay gente muy deshumanizada, todav\u00eda hay gente que ha ingresado a las instituciones por algunos compromisos pol\u00edticos, por compromisos sindicales o gente que ingres\u00f3 a las instituciones sin cumplir el debido proceso\u201d, dijo Posada en una entrevista televisiva. (eleconomista.net 04.10.24)<\/p>\n","protected":false},"excerpt":{"rendered":"<p>El Fondo Monetario Internacional (FMI) considera que el Presupuesto General del Estado 2025, que el Gobierno de El Salvador present\u00f3 esta semana al parlamento, \u201crepresenta un paso hacia el fortalecimiento de las finanzas p\u00fablicas.&#46;&#46;&#46;<\/p>\n","protected":false},"author":1,"featured_media":54064,"comment_status":"open","ping_status":"closed","sticky":false,"template":"","format":"standard","meta":{"footnotes":""},"categories":[54],"tags":[],"class_list":["post-62377","post","type-post","status-publish","format-standard","has-post-thumbnail","hentry","category-centroamerica-seleccion"],"_links":{"self":[{"href":"https:\/\/copades.com\/monec\/index.php?rest_route=\/wp\/v2\/posts\/62377","targetHints":{"allow":["GET"]}}],"collection":[{"href":"https:\/\/copades.com\/monec\/index.php?rest_route=\/wp\/v2\/posts"}],"about":[{"href":"https:\/\/copades.com\/monec\/index.php?rest_route=\/wp\/v2\/types\/post"}],"author":[{"embeddable":true,"href":"https:\/\/copades.com\/monec\/index.php?rest_route=\/wp\/v2\/users\/1"}],"replies":[{"embeddable":true,"href":"https:\/\/copades.com\/monec\/index.php?rest_route=%2Fwp%2Fv2%2Fcomments&post=62377"}],"version-history":[{"count":1,"href":"https:\/\/copades.com\/monec\/index.php?rest_route=\/wp\/v2\/posts\/62377\/revisions"}],"predecessor-version":[{"id":62378,"href":"https:\/\/copades.com\/monec\/index.php?rest_route=\/wp\/v2\/posts\/62377\/revisions\/62378"}],"wp:featuredmedia":[{"embeddable":true,"href":"https:\/\/copades.com\/monec\/index.php?rest_route=\/wp\/v2\/media\/54064"}],"wp:attachment":[{"href":"https:\/\/copades.com\/monec\/index.php?rest_route=%2Fwp%2Fv2%2Fmedia&parent=62377"}],"wp:term":[{"taxonomy":"category","embeddable":true,"href":"https:\/\/copades.com\/monec\/index.php?rest_route=%2Fwp%2Fv2%2Fcategories&post=62377"},{"taxonomy":"post_tag","embeddable":true,"href":"https:\/\/copades.com\/monec\/index.php?rest_route=%2Fwp%2Fv2%2Ftags&post=62377"}],"curies":[{"name":"wp","href":"https:\/\/api.w.org\/{rel}","templated":true}]}}