{"id":62443,"date":"2024-10-14T10:42:15","date_gmt":"2024-10-14T16:42:15","guid":{"rendered":"https:\/\/copades.com\/monec\/?p=62443"},"modified":"2024-10-14T10:42:15","modified_gmt":"2024-10-14T16:42:15","slug":"el-salvador-explora-un-tratado-de-libre-comercio-con-los-paises-del-mercosur","status":"publish","type":"post","link":"https:\/\/copades.com\/monec\/?p=62443","title":{"rendered":"El Salvador explora un Tratado de Libre Comercio con los pa\u00edses del Mercosur"},"content":{"rendered":"<p style=\"text-align: justify;\">El Ministerio de Econom\u00eda (MINEC) de El Salvador tiene en su lista de pendientes iniciar la negociaci\u00f3n de un acuerdo comercial con los pa\u00edses del Mercado Com\u00fan del Sur (MERCOSUR), que en conjunto es la quinta mayor econom\u00eda del mundo. La ministra del ramo, <strong>Mar\u00eda Luisa Hayem<\/strong>, confirm\u00f3 el inter\u00e9s de las partes hace unas semanas. \u201cMERCOSUR ha estado bastante interesado en poder negociar un tratado de libre comercio con El Salvador\u201d, dijo en septiembre Hayem, durante una entrevista radial. El MINEC ha dicho que ha acercado posturas para \u201clograr los t\u00e9rminos de referencia para la negociaci\u00f3n de un acuerdo comercial con los pa\u00edses del MERCOSUR\u201d, seg\u00fan su m\u00e1s reciente memoria de labores, con un avance del 50% a julio de 2024. El l\u00edmite fijado para iniciar esta negociaci\u00f3n es mayo de 2025, seg\u00fan este documento. El pa\u00eds tambi\u00e9n est\u00e1 interesado en suscribir un acuerdo comercial con Belice y firmar un tratado de libre comercio (TLC) con China. El MERCOSUR es un proceso de integraci\u00f3n promovido por Argentina, Brasil,Paraguay y Uruguay, al que luego se sum\u00f3 Venezuela y Bolivia, que est\u00e1 en proceso de adhesi\u00f3n. Sin embargo, Venezuela est\u00e1 suspendida en la actualidad. El objetivo de esta uni\u00f3n de pa\u00edses es \u201cpropiciar un espacio com\u00fan que generara oportunidades comerciales y de inversiones a trav\u00e9s de la integraci\u00f3n competitiva de las econom\u00edas nacionales al mercado internacional\u201d, seg\u00fan su sitio oficial. (eleconomista.net 14.10.24)<\/p>\n","protected":false},"excerpt":{"rendered":"<p>El Ministerio de Econom\u00eda (MINEC) de El Salvador tiene en su lista de pendientes iniciar la negociaci\u00f3n de un acuerdo comercial con los pa\u00edses del Mercado Com\u00fan del Sur (MERCOSUR), que en conjunto es&#46;&#46;&#46;<\/p>\n","protected":false},"author":1,"featured_media":59143,"comment_status":"open","ping_status":"closed","sticky":false,"template":"","format":"standard","meta":{"footnotes":""},"categories":[54],"tags":[],"class_list":["post-62443","post","type-post","status-publish","format-standard","has-post-thumbnail","hentry","category-centroamerica-seleccion"],"_links":{"self":[{"href":"https:\/\/copades.com\/monec\/index.php?rest_route=\/wp\/v2\/posts\/62443","targetHints":{"allow":["GET"]}}],"collection":[{"href":"https:\/\/copades.com\/monec\/index.php?rest_route=\/wp\/v2\/posts"}],"about":[{"href":"https:\/\/copades.com\/monec\/index.php?rest_route=\/wp\/v2\/types\/post"}],"author":[{"embeddable":true,"href":"https:\/\/copades.com\/monec\/index.php?rest_route=\/wp\/v2\/users\/1"}],"replies":[{"embeddable":true,"href":"https:\/\/copades.com\/monec\/index.php?rest_route=%2Fwp%2Fv2%2Fcomments&post=62443"}],"version-history":[{"count":1,"href":"https:\/\/copades.com\/monec\/index.php?rest_route=\/wp\/v2\/posts\/62443\/revisions"}],"predecessor-version":[{"id":62444,"href":"https:\/\/copades.com\/monec\/index.php?rest_route=\/wp\/v2\/posts\/62443\/revisions\/62444"}],"wp:featuredmedia":[{"embeddable":true,"href":"https:\/\/copades.com\/monec\/index.php?rest_route=\/wp\/v2\/media\/59143"}],"wp:attachment":[{"href":"https:\/\/copades.com\/monec\/index.php?rest_route=%2Fwp%2Fv2%2Fmedia&parent=62443"}],"wp:term":[{"taxonomy":"category","embeddable":true,"href":"https:\/\/copades.com\/monec\/index.php?rest_route=%2Fwp%2Fv2%2Fcategories&post=62443"},{"taxonomy":"post_tag","embeddable":true,"href":"https:\/\/copades.com\/monec\/index.php?rest_route=%2Fwp%2Fv2%2Ftags&post=62443"}],"curies":[{"name":"wp","href":"https:\/\/api.w.org\/{rel}","templated":true}]}}